{"id":27483,"date":"2014-05-27T15:53:04","date_gmt":"2014-05-27T12:53:04","guid":{"rendered":"http:\/\/www.tucomarca.com\/wordpress\/segunda\/?p=27483"},"modified":"2014-05-27T15:53:04","modified_gmt":"2014-05-27T12:53:04","slug":"el-ayuntamiento-de-benifaio-convoca-19-becas-en-el-marco-del-programa-la-dipu-te-beca","status":"publish","type":"post","link":"https:\/\/www.tucomarca.com\/wordpress\/segunda\/el-ayuntamiento-de-benifaio-convoca-19-becas-en-el-marco-del-programa-la-dipu-te-beca\/","title":{"rendered":"El Ayuntamiento de Benifai\u00f3 convoca 19 becas en el marco del programa \u00abLa Dipu te beca\u00bb"},"content":{"rendered":"<p>El Ayuntamiento de Benifai\u00f3 ha publicado ya a trav\u00e9s del tabl\u00f3n de anuncios de su p\u00e1gina web www.benifaio.es y en el tabl\u00f3n de entrada al consistorio las bases que rigen la asignaci\u00f3n en situaci\u00f3n de beca remunerada para j\u00f3venes estudiantes que deseen hacer pr\u00e1cticas en esta administraci\u00f3n local a trav\u00e9s del programa de la Diputaci\u00f3n de Valencia \u201cLA DIPU TE BECA\u201d. El consistorio oferta en total 19 becas.<\/p>\n<p>Las bases ofrecen informaci\u00f3n detallada sobre los requisitos a cumplir para acceder a las becas propuestas seg\u00fan la modalidad profesional a desempe\u00f1ar, as\u00ed como los periodos de trabajo y la remuneraci\u00f3n a cobrar de forma mensual que en esta edici\u00f3n ser\u00e1n de 500 euros brutos mensuales aportando el Ayuntamiento el 20% de la mensualidad. Las becas corresponder\u00e1n a cada uno de los siguientes campos (Monitores tiempo libre, Bibliotecario, Inform\u00e1tico, Administrativo, electricista, relaciones laborales, instalador mantenimiento, pedagog\u00eda, psicolog\u00eda y turismo entre otros perfiles).<\/p>\n<p>El plazo de presentaci\u00f3n de solicitudes en el Registro de Entrada del Ayuntamiento de Benifai\u00f3 finaliza el pr\u00f3ximo 3 de junio. <\/p>\n","protected":false},"excerpt":{"rendered":"<div class=\"mh-excerpt\">El Ayuntamiento de Benifai\u00f3 ha publicado ya a trav\u00e9s del tabl\u00f3n de anuncios de su p\u00e1gina web www.benifaio.es y en el tabl\u00f3n de entrada al consistorio las bases que rigen la asignaci\u00f3n en situaci\u00f3n de <a class=\"mh-excerpt-more\" href=\"https:\/\/www.tucomarca.com\/wordpress\/segunda\/el-ayuntamiento-de-benifaio-convoca-19-becas-en-el-marco-del-programa-la-dipu-te-beca\/\" title=\"El Ayuntamiento de Benifai\u00f3 convoca 19 becas en el marco del programa \u00abLa Dipu te beca\u00bb\">[+] <\/a><\/div>\n","protected":false},"author":2,"featured_media":0,"comment_status":"open","ping_status":"open","sticky":false,"template":"","format":"standard","meta":{"footnotes":""},"categories":[267,8,42,3],"tags":[4527,1115,1758,10460,1450],"class_list":{"0":"post-27483","1":"post","2":"type-post","3":"status-publish","4":"format-standard","6":"category-benifaio","7":"category-la-comarca","8":"category-la-ribera","9":"category-seccion","10":"tag-19-becas","11":"tag-ayuntamiento","12":"tag-bases","13":"tag-benifaio","14":"tag-la-dipu-te-beca"},"_links":{"self":[{"href":"https:\/\/www.tucomarca.com\/wordpress\/segunda\/wp-json\/wp\/v2\/posts\/27483","targetHints":{"allow":["GET"]}}],"collection":[{"href":"https:\/\/www.tucomarca.com\/wordpress\/segunda\/wp-json\/wp\/v2\/posts"}],"about":[{"href":"https:\/\/www.tucomarca.com\/wordpress\/segunda\/wp-json\/wp\/v2\/types\/post"}],"author":[{"embeddable":true,"href":"https:\/\/www.tucomarca.com\/wordpress\/segunda\/wp-json\/wp\/v2\/users\/2"}],"replies":[{"embeddable":true,"href":"https:\/\/www.tucomarca.com\/wordpress\/segunda\/wp-json\/wp\/v2\/comments?post=27483"}],"version-history":[{"count":0,"href":"https:\/\/www.tucomarca.com\/wordpress\/segunda\/wp-json\/wp\/v2\/posts\/27483\/revisions"}],"wp:attachment":[{"href":"https:\/\/www.tucomarca.com\/wordpress\/segunda\/wp-json\/wp\/v2\/media?parent=27483"}],"wp:term":[{"taxonomy":"category","embeddable":true,"href":"https:\/\/www.tucomarca.com\/wordpress\/segunda\/wp-json\/wp\/v2\/categories?post=27483"},{"taxonomy":"post_tag","embeddable":true,"href":"https:\/\/www.tucomarca.com\/wordpress\/segunda\/wp-json\/wp\/v2\/tags?post=27483"}],"curies":[{"name":"wp","href":"https:\/\/api.w.org\/{rel}","templated":true}]}}