{"id":274850,"date":"2025-08-08T09:00:00","date_gmt":"2025-08-08T07:00:00","guid":{"rendered":"https:\/\/www.tucomarca.com\/wordpress\/segunda\/?p=274850"},"modified":"2025-08-08T15:19:19","modified_gmt":"2025-08-08T13:19:19","slug":"sagunt-a-escena-lleva-a-las-tablas-la-critica-social-de-valle-inclan-y-una-reflexion-sobre-el-paso-del-tiempo","status":"publish","type":"post","link":"https:\/\/www.tucomarca.com\/wordpress\/segunda\/sagunt-a-escena-lleva-a-las-tablas-la-critica-social-de-valle-inclan-y-una-reflexion-sobre-el-paso-del-tiempo\/","title":{"rendered":"Sagunt a Escena lleva a las tablas la cr\u00edtica social de Valle-Incl\u00e1n y una reflexi\u00f3n sobre el paso del tiempo"},"content":{"rendered":"\n<h3 class=\"wp-block-heading\">El Teatre Rom\u00e0 acoge la adaptaci\u00f3n de \u2018Los cuernos de don Friolera\u2019, dirigida por Ainhoa Amestoy.<\/h3>\n\n\n\n<h3 class=\"wp-block-heading\">El Off Rom\u00e0 presenta \u2018Vitae\u2019, una reflexi\u00f3n sobre la memoria a cargo de Xa! Teatre en el Centre C\u00edvic de Port de Sagunt.<\/h3>\n\n\n\n<p>Sagunt a Escena, el festival organizado por la Conselleria de Educaci\u00f3n, Cultura, Universidades y Empleo a trav\u00e9s del Institut Valenci\u00e0 de Cultura (IVC), contin\u00faa esta semana con su apuesta por unir tradici\u00f3n y modernidad, grandes textos y nuevas dramaturgias, espacios patrimoniales y entornos urbanos.<\/p>\n\n\n\n<p>Uno de los hitos llegar\u00e1 el 9 de agosto al Teatre Rom\u00e0, con la puesta en escena de \u2018Los cuernos de don Friolera\u2019, una s\u00e1tira firmada por Ram\u00f3n Mar\u00eda del Valle-Incl\u00e1n y adaptada y dirigida por Ainhoa Amestoy.<\/p>\n\n\n<div class=\"wp-block-image\">\n<figure class=\"alignleft size-full is-resized\"><img loading=\"lazy\" decoding=\"async\" width=\"591\" height=\"607\" src=\"https:\/\/www.tucomarca.com\/wordpress\/segunda\/wp-content\/uploads\/2025\/08\/EDUC_Foto2_SAE_cuernos2.jpg\" alt=\"\" class=\"wp-image-274852\" style=\"width:424px;height:auto\" srcset=\"https:\/\/www.tucomarca.com\/wordpress\/segunda\/wp-content\/uploads\/2025\/08\/EDUC_Foto2_SAE_cuernos2.jpg 591w, https:\/\/www.tucomarca.com\/wordpress\/segunda\/wp-content\/uploads\/2025\/08\/EDUC_Foto2_SAE_cuernos2-292x300.jpg 292w\" sizes=\"auto, (max-width: 591px) 100vw, 591px\" \/><\/figure>\n<\/div>\n\n\n<p>El actor valenciano Nacho Fresneda forma parte del elenco que completan Roberto Enr\u00edquez, Lidia Ot\u00f3n, Ester Bellver, Miguel Cubero, Pablo Rivero Madri\u00f1\u00e1n, Jos\u00e9 Bustos e Iballa Rodr\u00edguez.<\/p>\n\n\n\n<p>Este esperpento, que forma parte de la trilog\u00eda \u2018Martes de Carnaval\u2019, plantea un juego de espejos que sigue siendo vigente: un teniente militar es arrastrado a una espiral de celos, violencia y paranoia tras recibir una falsa acusaci\u00f3n contra su esposa, en un gui\u00f1o anticipado a los actuales bulos.<\/p>\n\n\n\n<p>La propuesta recupera la irreverencia formal y el tono grotesco del original, combinando teatro de t\u00edteres, representaci\u00f3n esc\u00e9nica y romance de ciego para ofrecer una mirada cr\u00edtica al absurdo c\u00f3digo del honor y sus consecuencias tr\u00e1gicas.<\/p>\n\n\n\n<p>\u201cLa vigencia de textos como \u2018Los cuernos de don Friolera\u2019 nos recuerda que el teatro sigue siendo una poderosa herramienta para confrontar las sombras de nuestra sociedad. Esta adaptaci\u00f3n no solo revisita el esperpento de Valle-Incl\u00e1n, sino que nos interpela directamente ante la realidad intolerable de que en 2023 se produjeran m\u00e1s de 50 feminicidios en Espa\u00f1a a manos de sus parejas o exparejas. Desde Sagunt a Escena creemos que el arte no puede permanecer ajeno a esta tragedia\u201d, ha destacado la directora del festival, Mar\u00eda Jos\u00e9 Mora.<\/p>\n\n\n\n<p><strong>Un alquimista del tiempo en el Centre C\u00edvic<\/strong><\/p>\n\n\n\n<p>Ese mismo d\u00eda, y como parte de la programaci\u00f3n del Off Rom\u00e0, el festival acoge el espect\u00e1culo gratuito \u2018Vitae\u2019 de la compa\u00f1\u00eda valenciana Xa! Teatre, en el Centre C\u00edvic de Port de Sagunt.<\/p>\n\n\n\n<p>Esta pieza gestual, dirigida por Jordi Purt\u00ed, propone una reflexi\u00f3n sobre el paso del tiempo y la memoria. Su protagonista, un entra\u00f1able y exc\u00e9ntrico alquimista, colecciona y libera instantes a trav\u00e9s de objetos, sonidos y frascos m\u00e1gicos, en una traves\u00eda po\u00e9tica que recuerda a los mundos literarios de \u2018Momo\u2019 y \u2018Harry Potter\u2019.<\/p>\n\n\n\n<p>Con una cuidada puesta en escena y una po\u00e9tica visual y sonora que conmueve tanto a ni\u00f1os como a adultos, \u2018Vitae\u2019 invita a detenernos y redescubrir el valor de lo ef\u00edmero. Xa! Teatre, compa\u00f1\u00eda creada por Xavi Castell\u00f3 y Alba Blanco, combina \u2018clown\u2019 contempor\u00e1neo, teatro gestual y t\u00e9cnicas circenses para crear espect\u00e1culos sin palabras que cruzan fronteras. Han pisado escenarios de Inglaterra, Suiza, Francia, Italia, Argentina, Uruguay, Hungr\u00eda, Ruman\u00eda, Argelia y Portugal.<\/p>\n\n\n\n<p>Sagunt a Escena, organizado por el Institut Valenci\u00e0 de Cultura, se celebra del 31 de julio al 23 de agosto de 2025 en el Teatro Romano y otros espacios de Sagunto. Cuenta con la colaboraci\u00f3n del Ayuntamiento de Sagunto y el \u00e1rea de teatros de la Diputaci\u00f3n de Valencia.<\/p>\n","protected":false},"excerpt":{"rendered":"<div class=\"mh-excerpt\">El Teatre Rom\u00e0 acoge la adaptaci\u00f3n de \u2018Los cuernos de don Friolera\u2019, dirigida por Ainhoa Amestoy. El Off Rom\u00e0 presenta \u2018Vitae\u2019, una reflexi\u00f3n sobre la memoria a cargo de Xa! Teatre en el Centre C\u00edvic <a class=\"mh-excerpt-more\" href=\"https:\/\/www.tucomarca.com\/wordpress\/segunda\/sagunt-a-escena-lleva-a-las-tablas-la-critica-social-de-valle-inclan-y-una-reflexion-sobre-el-paso-del-tiempo\/\" title=\"Sagunt a Escena lleva a las tablas la cr\u00edtica social de Valle-Incl\u00e1n y una reflexi\u00f3n sobre el paso del tiempo\">[+] <\/a><\/div>\n","protected":false},"author":12,"featured_media":274854,"comment_status":"open","ping_status":"open","sticky":false,"template":"","format":"standard","meta":{"footnotes":""},"categories":[4,8,72,7,3,45],"tags":[13272,17757,21037],"class_list":{"0":"post-274850","1":"post","2":"type-post","3":"status-publish","4":"format-standard","5":"has-post-thumbnail","7":"category-agenda","8":"category-la-comarca","9":"category-sin-categorizar","10":"category-ocio-y-cultura","11":"category-seccion","12":"category-ventana","13":"tag-institut-valencia-de-cultura","14":"tag-ivc","15":"tag-sagunt-a-escena"},"_links":{"self":[{"href":"https:\/\/www.tucomarca.com\/wordpress\/segunda\/wp-json\/wp\/v2\/posts\/274850","targetHints":{"allow":["GET"]}}],"collection":[{"href":"https:\/\/www.tucomarca.com\/wordpress\/segunda\/wp-json\/wp\/v2\/posts"}],"about":[{"href":"https:\/\/www.tucomarca.com\/wordpress\/segunda\/wp-json\/wp\/v2\/types\/post"}],"author":[{"embeddable":true,"href":"https:\/\/www.tucomarca.com\/wordpress\/segunda\/wp-json\/wp\/v2\/users\/12"}],"replies":[{"embeddable":true,"href":"https:\/\/www.tucomarca.com\/wordpress\/segunda\/wp-json\/wp\/v2\/comments?post=274850"}],"version-history":[{"count":0,"href":"https:\/\/www.tucomarca.com\/wordpress\/segunda\/wp-json\/wp\/v2\/posts\/274850\/revisions"}],"wp:featuredmedia":[{"embeddable":true,"href":"https:\/\/www.tucomarca.com\/wordpress\/segunda\/wp-json\/wp\/v2\/media\/274854"}],"wp:attachment":[{"href":"https:\/\/www.tucomarca.com\/wordpress\/segunda\/wp-json\/wp\/v2\/media?parent=274850"}],"wp:term":[{"taxonomy":"category","embeddable":true,"href":"https:\/\/www.tucomarca.com\/wordpress\/segunda\/wp-json\/wp\/v2\/categories?post=274850"},{"taxonomy":"post_tag","embeddable":true,"href":"https:\/\/www.tucomarca.com\/wordpress\/segunda\/wp-json\/wp\/v2\/tags?post=274850"}],"curies":[{"name":"wp","href":"https:\/\/api.w.org\/{rel}","templated":true}]}}