{"id":274957,"date":"2025-08-10T11:00:00","date_gmt":"2025-08-10T09:00:00","guid":{"rendered":"https:\/\/www.tucomarca.com\/wordpress\/segunda\/?p=274957"},"modified":"2025-08-10T21:30:24","modified_gmt":"2025-08-10T19:30:24","slug":"rescatan-en-helicoptero-en-bunol-a-dos-excursionistas-que-se-habian-desorientado-tras-la-caida-de-uno-de-ellos-en-un-barranco","status":"publish","type":"post","link":"https:\/\/www.tucomarca.com\/wordpress\/segunda\/rescatan-en-helicoptero-en-bunol-a-dos-excursionistas-que-se-habian-desorientado-tras-la-caida-de-uno-de-ellos-en-un-barranco\/","title":{"rendered":"Rescatan en helic\u00f3ptero en Bu\u00f1ol a dos excursionistas que se hab\u00edan desorientado tras la ca\u00edda de uno de ellos en un barranco"},"content":{"rendered":"\n<p>Efectivos del Consorcio Provincial de Bomberos de Val\u00e8ncia han realizado varios rescates en helic\u00f3ptero en zonas de monta\u00f1a durante la jornada de este domingo.\u00a0<\/p>\n\n\n\n<p>Concretamente, se ha rescatado a dos personas de unos 25 a\u00f1os que hac\u00edan una ruta en un barranco en Bu\u00f1ol, donde a las 14,37 horas el Consorcio ha movilizado un dispositivo con miembros del Grupo de Especial de Rescate en Altura, GERA, con el helic\u00f3ptero V-990 del Consorcio dotado de un m\u00e9dico. Adem\u00e1s tambi\u00e9n se ha movilizado un coordinador forestal del Consorcio y una unidad de bomberos forestales de la Generalitat Valenciana. Seg\u00fan han informado fuentes del Consorcio, \u00abal parecer una de las personas hab\u00eda ca\u00eddo por un terrapl\u00e9n, quedando ambos desorientados y fuera de la ruta sin posibilidad de seguir\u00bb. Los dos excursionistas han sido extra\u00eddos v\u00eda a\u00e9rea y transferidos a medios sanitarios en una zona segura del t\u00e9rmino municipal de Bu\u00f1ol.<\/p>\n\n\n\n<p>Tambi\u00e9n este domingo y horas antes, efectivos del Consorcio han auxiliado a un ciclista de 65 a\u00f1os que hab\u00eda ca\u00eddo y sufrido una lesi\u00f3n en la pierna mientras hac\u00eda una ruta en Fontanar dels Aforins. El aviso se ha recibido a las 10,13 horas y se ha movilizado al sargento de Alzira, una brigada forestal BRIFO, a los rescatadores del grupo GERA con el helic\u00f3ptero V-990 dotado de un m\u00e9dico. El hombre ha sido extra\u00eddo inmovilizado con colch\u00f3n de vac\u00edo con helic\u00f3ptero hasta la helisuperf\u00edcie de Alzira, para transferencia con medios sanitarios.\u00a0<\/p>\n\n\n\n<figure class=\"wp-block-gallery has-nested-images columns-1 is-cropped wp-block-gallery-1 is-layout-flex wp-block-gallery-is-layout-flex\">\n<figure class=\"wp-block-image size-large\"><img loading=\"lazy\" decoding=\"async\" width=\"1024\" height=\"768\" data-id=\"274960\" src=\"https:\/\/www.tucomarca.com\/wordpress\/segunda\/wp-content\/uploads\/2025\/08\/RescateBunol2-1024x768.jpeg\" alt=\"\" class=\"wp-image-274960\" srcset=\"https:\/\/www.tucomarca.com\/wordpress\/segunda\/wp-content\/uploads\/2025\/08\/RescateBunol2-1024x768.jpeg 1024w, https:\/\/www.tucomarca.com\/wordpress\/segunda\/wp-content\/uploads\/2025\/08\/RescateBunol2-300x225.jpeg 300w, https:\/\/www.tucomarca.com\/wordpress\/segunda\/wp-content\/uploads\/2025\/08\/RescateBunol2-768x576.jpeg 768w, https:\/\/www.tucomarca.com\/wordpress\/segunda\/wp-content\/uploads\/2025\/08\/RescateBunol2-1536x1153.jpeg 1536w, https:\/\/www.tucomarca.com\/wordpress\/segunda\/wp-content\/uploads\/2025\/08\/RescateBunol2-678x509.jpeg 678w, https:\/\/www.tucomarca.com\/wordpress\/segunda\/wp-content\/uploads\/2025\/08\/RescateBunol2-326x245.jpeg 326w, https:\/\/www.tucomarca.com\/wordpress\/segunda\/wp-content\/uploads\/2025\/08\/RescateBunol2-80x60.jpeg 80w, https:\/\/www.tucomarca.com\/wordpress\/segunda\/wp-content\/uploads\/2025\/08\/RescateBunol2.jpeg 1599w\" sizes=\"auto, (max-width: 1024px) 100vw, 1024px\" \/><\/figure>\n\n\n\n<figure class=\"wp-block-image size-large\"><img loading=\"lazy\" decoding=\"async\" width=\"1024\" height=\"472\" data-id=\"274958\" src=\"https:\/\/www.tucomarca.com\/wordpress\/segunda\/wp-content\/uploads\/2025\/08\/RescateBunol1-1024x472.jpeg\" alt=\"\" class=\"wp-image-274958\" srcset=\"https:\/\/www.tucomarca.com\/wordpress\/segunda\/wp-content\/uploads\/2025\/08\/RescateBunol1-1024x472.jpeg 1024w, https:\/\/www.tucomarca.com\/wordpress\/segunda\/wp-content\/uploads\/2025\/08\/RescateBunol1-300x138.jpeg 300w, https:\/\/www.tucomarca.com\/wordpress\/segunda\/wp-content\/uploads\/2025\/08\/RescateBunol1-768x354.jpeg 768w, https:\/\/www.tucomarca.com\/wordpress\/segunda\/wp-content\/uploads\/2025\/08\/RescateBunol1-1536x708.jpeg 1536w, https:\/\/www.tucomarca.com\/wordpress\/segunda\/wp-content\/uploads\/2025\/08\/RescateBunol1.jpeg 1599w\" sizes=\"auto, (max-width: 1024px) 100vw, 1024px\" \/><\/figure>\n<\/figure>\n","protected":false},"excerpt":{"rendered":"<div class=\"mh-excerpt\">Efectivos del Consorcio Provincial de Bomberos de Val\u00e8ncia han realizado varios rescates en helic\u00f3ptero en zonas de monta\u00f1a durante la jornada de este domingo.\u00a0 Concretamente, se ha rescatado a dos personas de unos 25 a\u00f1os <a class=\"mh-excerpt-more\" href=\"https:\/\/www.tucomarca.com\/wordpress\/segunda\/rescatan-en-helicoptero-en-bunol-a-dos-excursionistas-que-se-habian-desorientado-tras-la-caida-de-uno-de-ellos-en-un-barranco\/\" title=\"Rescatan en helic\u00f3ptero en Bu\u00f1ol a dos excursionistas que se hab\u00edan desorientado tras la ca\u00edda de uno de ellos en un barranco\">[+] <\/a><\/div>\n","protected":false},"author":1,"featured_media":274958,"comment_status":"open","ping_status":"open","sticky":false,"template":"","format":"image","meta":{"footnotes":""},"categories":[18,8,72,10,117,3,116,45],"tags":[22202,10385,5952,2596],"class_list":{"0":"post-274957","1":"post","2":"type-post","3":"status-publish","4":"format-image","5":"has-post-thumbnail","7":"category-bunol","8":"category-la-comarca","9":"category-sin-categorizar","10":"category-la-hoya","11":"category-medio-ambiente-la-comarca","12":"category-seccion","13":"category-sucesos-la-comarca","14":"category-ventana","15":"tag-aereo","16":"tag-bunol","17":"tag-la-hoya-de-bunol-chiva","18":"tag-rescate","19":"post_format-post-format-image"},"_links":{"self":[{"href":"https:\/\/www.tucomarca.com\/wordpress\/segunda\/wp-json\/wp\/v2\/posts\/274957","targetHints":{"allow":["GET"]}}],"collection":[{"href":"https:\/\/www.tucomarca.com\/wordpress\/segunda\/wp-json\/wp\/v2\/posts"}],"about":[{"href":"https:\/\/www.tucomarca.com\/wordpress\/segunda\/wp-json\/wp\/v2\/types\/post"}],"author":[{"embeddable":true,"href":"https:\/\/www.tucomarca.com\/wordpress\/segunda\/wp-json\/wp\/v2\/users\/1"}],"replies":[{"embeddable":true,"href":"https:\/\/www.tucomarca.com\/wordpress\/segunda\/wp-json\/wp\/v2\/comments?post=274957"}],"version-history":[{"count":0,"href":"https:\/\/www.tucomarca.com\/wordpress\/segunda\/wp-json\/wp\/v2\/posts\/274957\/revisions"}],"wp:featuredmedia":[{"embeddable":true,"href":"https:\/\/www.tucomarca.com\/wordpress\/segunda\/wp-json\/wp\/v2\/media\/274958"}],"wp:attachment":[{"href":"https:\/\/www.tucomarca.com\/wordpress\/segunda\/wp-json\/wp\/v2\/media?parent=274957"}],"wp:term":[{"taxonomy":"category","embeddable":true,"href":"https:\/\/www.tucomarca.com\/wordpress\/segunda\/wp-json\/wp\/v2\/categories?post=274957"},{"taxonomy":"post_tag","embeddable":true,"href":"https:\/\/www.tucomarca.com\/wordpress\/segunda\/wp-json\/wp\/v2\/tags?post=274957"}],"curies":[{"name":"wp","href":"https:\/\/api.w.org\/{rel}","templated":true}]}}