{"id":274996,"date":"2025-08-11T09:00:00","date_gmt":"2025-08-11T07:00:00","guid":{"rendered":"https:\/\/www.tucomarca.com\/wordpress\/segunda\/?p=274996"},"modified":"2025-08-11T14:00:00","modified_gmt":"2025-08-11T12:00:00","slug":"fotogaleria-la-sm-la-artistica-de-bunol-vive-una-noche-magica-en-la-presentacion-y-exaltacion-de-las-reinas-del-manton-2024","status":"publish","type":"post","link":"https:\/\/www.tucomarca.com\/wordpress\/segunda\/fotogaleria-la-sm-la-artistica-de-bunol-vive-una-noche-magica-en-la-presentacion-y-exaltacion-de-las-reinas-del-manton-2024\/","title":{"rendered":"Fotogaler\u00eda: La SM \u201cLa Art\u00edstica\u201d de Bu\u00f1ol vive una noche m\u00e1gica en la presentaci\u00f3n y exaltaci\u00f3n de las Reinas del Mant\u00f3n 2024"},"content":{"rendered":"\n<p>El Teatro Montecarlo de Bu\u00f1ol se visti\u00f3 de gala para acoger la <strong>Presentaci\u00f3n y Exaltaci\u00f3n de las Reinas del Mant\u00f3n<\/strong>, en un escenario ideado por la Comisi\u00f3n de la Fiesta del Mant\u00f3n que, este a\u00f1o, rindi\u00f3 homenaje a la majestuosa entrada de Montecarlo.<\/p>\n\n\n\n<p>En un emotivo relevo, <strong>Roc\u00edo Cervera Bartolom\u00e9<\/strong> fue recibida como Representante de <em>La Art\u00edstica<\/em> por su predecesora, <strong>Paula Gisbert Carrascosa<\/strong>. Por su parte, las Reinas del Mant\u00f3n 2024, <strong>Silvia S\u00e1ez Espert<\/strong> y <strong>Olivia Lambies Abril<\/strong>, se despidieron con palabras llenas de agradecimiento, recordando un a\u00f1o \u201cespecial y \u00fanico\u201d.<\/p>\n\n\n\n<p>El testigo pas\u00f3 a las nuevas Reinas del Mant\u00f3n, <strong>Estela Iniesta Sobrino<\/strong> y <strong>Claudia Olius Vidal<\/strong>, que no ocultaron su emoci\u00f3n al ver cumplido un sue\u00f1o largamente esperado. Tambi\u00e9n se incorporaron al escenario <strong>Mar\u00eda Jes\u00fas Alca\u00f1iz Ros<\/strong> y <strong>Dorotea Alca\u00f1iz Ros<\/strong>, recibidas como <strong>Madrinas de la Bandera<\/strong>, a la que acompa\u00f1ar\u00e1n en cada desfile durante este a\u00f1o festivo.<\/p>\n\n\n\n<p>El acto culmin\u00f3 con la brillante actuaci\u00f3n de la <strong>Banda Juvenil<\/strong> y la <strong>Banda Sinf\u00f3nica<\/strong> de <em>La Art\u00edstica<\/em>, bajo la batuta de <strong>David Tar\u00edn D\u00edaz<\/strong>, interpretando el repertorio con el que los m\u00fasicos lograron el <strong>Primer Premio en el Certamen Nacional de Bandas \u201cAzuaga, M\u00fasica y Cine\u201d<\/strong>.<\/p>\n\n\n\n<p>La velada cont\u00f3 con la asistencia de las comisiones falleras de Bu\u00f1ol, la Fallera Mayor de Junta Local <strong>Candela Padilla Monchol\u00ed<\/strong> y su presidente <strong>Sergio Galarza<\/strong>, el Rey de las Fiestas <strong>Yeray Celda Ruiz<\/strong>, la alcaldesa <strong>Virginia Sanz<\/strong>, miembros de la corporaci\u00f3n municipal y numerosos \u201cFeos\u201d que quisieron arropar a sus representantes en esta noche tan especial.<\/p>\n\n\n\n<p>La celebraci\u00f3n continu\u00f3 en el local social Rosales, donde protagonistas y asistentes compartieron un ambiente festivo que marca la cuenta atr\u00e1s para la <strong>gran Fiesta del Mant\u00f3n<\/strong>, que tendr\u00e1 lugar el pr\u00f3ximo <strong>24 de agosto<\/strong>.<\/p>\n\n\n\n<figure class=\"wp-block-gallery has-nested-images columns-1 is-cropped wp-block-gallery-1 is-layout-flex wp-block-gallery-is-layout-flex\">\n<figure class=\"wp-block-image size-large\"><img loading=\"lazy\" decoding=\"async\" width=\"1024\" height=\"768\" data-id=\"275015\" src=\"https:\/\/www.tucomarca.com\/wordpress\/segunda\/wp-content\/uploads\/2025\/08\/PresFeos07-1024x768.jpg\" alt=\"\" class=\"wp-image-275015\" srcset=\"https:\/\/www.tucomarca.com\/wordpress\/segunda\/wp-content\/uploads\/2025\/08\/PresFeos07-1024x768.jpg 1024w, https:\/\/www.tucomarca.com\/wordpress\/segunda\/wp-content\/uploads\/2025\/08\/PresFeos07-300x225.jpg 300w, https:\/\/www.tucomarca.com\/wordpress\/segunda\/wp-content\/uploads\/2025\/08\/PresFeos07-768x576.jpg 768w, https:\/\/www.tucomarca.com\/wordpress\/segunda\/wp-content\/uploads\/2025\/08\/PresFeos07-678x509.jpg 678w, https:\/\/www.tucomarca.com\/wordpress\/segunda\/wp-content\/uploads\/2025\/08\/PresFeos07-326x245.jpg 326w, https:\/\/www.tucomarca.com\/wordpress\/segunda\/wp-content\/uploads\/2025\/08\/PresFeos07-80x60.jpg 80w, https:\/\/www.tucomarca.com\/wordpress\/segunda\/wp-content\/uploads\/2025\/08\/PresFeos07.jpg 1181w\" sizes=\"auto, (max-width: 1024px) 100vw, 1024px\" \/><\/figure>\n\n\n\n<figure class=\"wp-block-image size-large\"><img loading=\"lazy\" decoding=\"async\" width=\"1024\" height=\"557\" data-id=\"275007\" src=\"https:\/\/www.tucomarca.com\/wordpress\/segunda\/wp-content\/uploads\/2025\/08\/PresFeos03-1024x557.jpg\" alt=\"\" class=\"wp-image-275007\" srcset=\"https:\/\/www.tucomarca.com\/wordpress\/segunda\/wp-content\/uploads\/2025\/08\/PresFeos03-1024x557.jpg 1024w, https:\/\/www.tucomarca.com\/wordpress\/segunda\/wp-content\/uploads\/2025\/08\/PresFeos03-300x163.jpg 300w, https:\/\/www.tucomarca.com\/wordpress\/segunda\/wp-content\/uploads\/2025\/08\/PresFeos03-768x417.jpg 768w, https:\/\/www.tucomarca.com\/wordpress\/segunda\/wp-content\/uploads\/2025\/08\/PresFeos03.jpg 1181w\" sizes=\"auto, (max-width: 1024px) 100vw, 1024px\" \/><\/figure>\n\n\n\n<figure class=\"wp-block-image size-large\"><img loading=\"lazy\" decoding=\"async\" width=\"1024\" height=\"691\" data-id=\"275009\" src=\"https:\/\/www.tucomarca.com\/wordpress\/segunda\/wp-content\/uploads\/2025\/08\/PresFeos04-1024x691.jpg\" alt=\"\" class=\"wp-image-275009\" srcset=\"https:\/\/www.tucomarca.com\/wordpress\/segunda\/wp-content\/uploads\/2025\/08\/PresFeos04-1024x691.jpg 1024w, https:\/\/www.tucomarca.com\/wordpress\/segunda\/wp-content\/uploads\/2025\/08\/PresFeos04-300x202.jpg 300w, https:\/\/www.tucomarca.com\/wordpress\/segunda\/wp-content\/uploads\/2025\/08\/PresFeos04-768x518.jpg 768w, https:\/\/www.tucomarca.com\/wordpress\/segunda\/wp-content\/uploads\/2025\/08\/PresFeos04.jpg 1181w\" sizes=\"auto, (max-width: 1024px) 100vw, 1024px\" \/><\/figure>\n\n\n\n<figure class=\"wp-block-image size-large\"><img loading=\"lazy\" decoding=\"async\" width=\"1024\" height=\"647\" data-id=\"275021\" src=\"https:\/\/www.tucomarca.com\/wordpress\/segunda\/wp-content\/uploads\/2025\/08\/PresFeos10-1024x647.jpg\" alt=\"\" class=\"wp-image-275021\" srcset=\"https:\/\/www.tucomarca.com\/wordpress\/segunda\/wp-content\/uploads\/2025\/08\/PresFeos10-1024x647.jpg 1024w, https:\/\/www.tucomarca.com\/wordpress\/segunda\/wp-content\/uploads\/2025\/08\/PresFeos10-300x190.jpg 300w, https:\/\/www.tucomarca.com\/wordpress\/segunda\/wp-content\/uploads\/2025\/08\/PresFeos10-768x485.jpg 768w, https:\/\/www.tucomarca.com\/wordpress\/segunda\/wp-content\/uploads\/2025\/08\/PresFeos10.jpg 1181w\" sizes=\"auto, (max-width: 1024px) 100vw, 1024px\" \/><\/figure>\n\n\n\n<figure class=\"wp-block-image size-large\"><img loading=\"lazy\" decoding=\"async\" width=\"1024\" height=\"649\" data-id=\"275011\" src=\"https:\/\/www.tucomarca.com\/wordpress\/segunda\/wp-content\/uploads\/2025\/08\/PresFeos05-1024x649.jpg\" alt=\"\" class=\"wp-image-275011\" srcset=\"https:\/\/www.tucomarca.com\/wordpress\/segunda\/wp-content\/uploads\/2025\/08\/PresFeos05-1024x649.jpg 1024w, https:\/\/www.tucomarca.com\/wordpress\/segunda\/wp-content\/uploads\/2025\/08\/PresFeos05-300x190.jpg 300w, https:\/\/www.tucomarca.com\/wordpress\/segunda\/wp-content\/uploads\/2025\/08\/PresFeos05-768x487.jpg 768w, https:\/\/www.tucomarca.com\/wordpress\/segunda\/wp-content\/uploads\/2025\/08\/PresFeos05.jpg 1181w\" sizes=\"auto, (max-width: 1024px) 100vw, 1024px\" \/><\/figure>\n\n\n\n<figure class=\"wp-block-image size-large\"><img loading=\"lazy\" decoding=\"async\" width=\"1024\" height=\"691\" data-id=\"275003\" src=\"https:\/\/www.tucomarca.com\/wordpress\/segunda\/wp-content\/uploads\/2025\/08\/PresFeos00-1024x691.jpg\" alt=\"\" class=\"wp-image-275003\" srcset=\"https:\/\/www.tucomarca.com\/wordpress\/segunda\/wp-content\/uploads\/2025\/08\/PresFeos00-1024x691.jpg 1024w, https:\/\/www.tucomarca.com\/wordpress\/segunda\/wp-content\/uploads\/2025\/08\/PresFeos00-300x202.jpg 300w, https:\/\/www.tucomarca.com\/wordpress\/segunda\/wp-content\/uploads\/2025\/08\/PresFeos00-768x518.jpg 768w, https:\/\/www.tucomarca.com\/wordpress\/segunda\/wp-content\/uploads\/2025\/08\/PresFeos00.jpg 1181w\" sizes=\"auto, (max-width: 1024px) 100vw, 1024px\" \/><\/figure>\n\n\n\n<figure class=\"wp-block-image size-large\"><img loading=\"lazy\" decoding=\"async\" width=\"1024\" height=\"768\" data-id=\"275019\" src=\"https:\/\/www.tucomarca.com\/wordpress\/segunda\/wp-content\/uploads\/2025\/08\/PresFeos09-1024x768.jpg\" alt=\"\" class=\"wp-image-275019\" srcset=\"https:\/\/www.tucomarca.com\/wordpress\/segunda\/wp-content\/uploads\/2025\/08\/PresFeos09-1024x768.jpg 1024w, https:\/\/www.tucomarca.com\/wordpress\/segunda\/wp-content\/uploads\/2025\/08\/PresFeos09-300x225.jpg 300w, https:\/\/www.tucomarca.com\/wordpress\/segunda\/wp-content\/uploads\/2025\/08\/PresFeos09-768x576.jpg 768w, https:\/\/www.tucomarca.com\/wordpress\/segunda\/wp-content\/uploads\/2025\/08\/PresFeos09-678x509.jpg 678w, https:\/\/www.tucomarca.com\/wordpress\/segunda\/wp-content\/uploads\/2025\/08\/PresFeos09-326x245.jpg 326w, https:\/\/www.tucomarca.com\/wordpress\/segunda\/wp-content\/uploads\/2025\/08\/PresFeos09-80x60.jpg 80w, https:\/\/www.tucomarca.com\/wordpress\/segunda\/wp-content\/uploads\/2025\/08\/PresFeos09.jpg 1181w\" sizes=\"auto, (max-width: 1024px) 100vw, 1024px\" \/><\/figure>\n\n\n\n<figure class=\"wp-block-image size-large\"><img loading=\"lazy\" decoding=\"async\" width=\"1024\" height=\"768\" data-id=\"275023\" src=\"https:\/\/www.tucomarca.com\/wordpress\/segunda\/wp-content\/uploads\/2025\/08\/PresFeos11-1024x768.jpg\" alt=\"\" class=\"wp-image-275023\" srcset=\"https:\/\/www.tucomarca.com\/wordpress\/segunda\/wp-content\/uploads\/2025\/08\/PresFeos11-1024x768.jpg 1024w, https:\/\/www.tucomarca.com\/wordpress\/segunda\/wp-content\/uploads\/2025\/08\/PresFeos11-300x225.jpg 300w, https:\/\/www.tucomarca.com\/wordpress\/segunda\/wp-content\/uploads\/2025\/08\/PresFeos11-768x576.jpg 768w, https:\/\/www.tucomarca.com\/wordpress\/segunda\/wp-content\/uploads\/2025\/08\/PresFeos11-678x509.jpg 678w, https:\/\/www.tucomarca.com\/wordpress\/segunda\/wp-content\/uploads\/2025\/08\/PresFeos11-326x245.jpg 326w, https:\/\/www.tucomarca.com\/wordpress\/segunda\/wp-content\/uploads\/2025\/08\/PresFeos11-80x60.jpg 80w, https:\/\/www.tucomarca.com\/wordpress\/segunda\/wp-content\/uploads\/2025\/08\/PresFeos11.jpg 1181w\" sizes=\"auto, (max-width: 1024px) 100vw, 1024px\" \/><\/figure>\n\n\n\n<figure class=\"wp-block-image size-large\"><img loading=\"lazy\" decoding=\"async\" width=\"1024\" height=\"655\" data-id=\"275017\" src=\"https:\/\/www.tucomarca.com\/wordpress\/segunda\/wp-content\/uploads\/2025\/08\/PresFeos08-1024x655.jpg\" alt=\"\" class=\"wp-image-275017\" srcset=\"https:\/\/www.tucomarca.com\/wordpress\/segunda\/wp-content\/uploads\/2025\/08\/PresFeos08-1024x655.jpg 1024w, https:\/\/www.tucomarca.com\/wordpress\/segunda\/wp-content\/uploads\/2025\/08\/PresFeos08-300x192.jpg 300w, https:\/\/www.tucomarca.com\/wordpress\/segunda\/wp-content\/uploads\/2025\/08\/PresFeos08-768x491.jpg 768w, https:\/\/www.tucomarca.com\/wordpress\/segunda\/wp-content\/uploads\/2025\/08\/PresFeos08.jpg 1181w\" sizes=\"auto, (max-width: 1024px) 100vw, 1024px\" \/><\/figure>\n\n\n\n<figure class=\"wp-block-image size-large\"><img loading=\"lazy\" decoding=\"async\" width=\"712\" height=\"1024\" data-id=\"275027\" src=\"https:\/\/www.tucomarca.com\/wordpress\/segunda\/wp-content\/uploads\/2025\/08\/PresFeos13-712x1024.jpg\" alt=\"\" class=\"wp-image-275027\" srcset=\"https:\/\/www.tucomarca.com\/wordpress\/segunda\/wp-content\/uploads\/2025\/08\/PresFeos13-712x1024.jpg 712w, https:\/\/www.tucomarca.com\/wordpress\/segunda\/wp-content\/uploads\/2025\/08\/PresFeos13-209x300.jpg 209w, https:\/\/www.tucomarca.com\/wordpress\/segunda\/wp-content\/uploads\/2025\/08\/PresFeos13-768x1104.jpg 768w, https:\/\/www.tucomarca.com\/wordpress\/segunda\/wp-content\/uploads\/2025\/08\/PresFeos13.jpg 886w\" sizes=\"auto, (max-width: 712px) 100vw, 712px\" \/><\/figure>\n\n\n\n<figure class=\"wp-block-image size-large\"><img loading=\"lazy\" decoding=\"async\" width=\"768\" height=\"1024\" data-id=\"275025\" src=\"https:\/\/www.tucomarca.com\/wordpress\/segunda\/wp-content\/uploads\/2025\/08\/PresFeos12-768x1024.jpg\" alt=\"\" class=\"wp-image-275025\" srcset=\"https:\/\/www.tucomarca.com\/wordpress\/segunda\/wp-content\/uploads\/2025\/08\/PresFeos12-768x1024.jpg 768w, https:\/\/www.tucomarca.com\/wordpress\/segunda\/wp-content\/uploads\/2025\/08\/PresFeos12-225x300.jpg 225w, https:\/\/www.tucomarca.com\/wordpress\/segunda\/wp-content\/uploads\/2025\/08\/PresFeos12.jpg 886w\" sizes=\"auto, (max-width: 768px) 100vw, 768px\" \/><\/figure>\n\n\n\n<figure class=\"wp-block-image size-large\"><img loading=\"lazy\" decoding=\"async\" width=\"806\" height=\"1024\" data-id=\"275029\" src=\"https:\/\/www.tucomarca.com\/wordpress\/segunda\/wp-content\/uploads\/2025\/08\/PresFeos14-806x1024.jpg\" alt=\"\" class=\"wp-image-275029\" srcset=\"https:\/\/www.tucomarca.com\/wordpress\/segunda\/wp-content\/uploads\/2025\/08\/PresFeos14-806x1024.jpg 806w, https:\/\/www.tucomarca.com\/wordpress\/segunda\/wp-content\/uploads\/2025\/08\/PresFeos14-236x300.jpg 236w, https:\/\/www.tucomarca.com\/wordpress\/segunda\/wp-content\/uploads\/2025\/08\/PresFeos14-768x975.jpg 768w, https:\/\/www.tucomarca.com\/wordpress\/segunda\/wp-content\/uploads\/2025\/08\/PresFeos14.jpg 886w\" sizes=\"auto, (max-width: 806px) 100vw, 806px\" \/><\/figure>\n\n\n\n<figure class=\"wp-block-image size-large\"><img loading=\"lazy\" decoding=\"async\" width=\"1024\" height=\"708\" data-id=\"275031\" src=\"https:\/\/www.tucomarca.com\/wordpress\/segunda\/wp-content\/uploads\/2025\/08\/PresFeos15-1024x708.jpg\" alt=\"\" class=\"wp-image-275031\" srcset=\"https:\/\/www.tucomarca.com\/wordpress\/segunda\/wp-content\/uploads\/2025\/08\/PresFeos15-1024x708.jpg 1024w, https:\/\/www.tucomarca.com\/wordpress\/segunda\/wp-content\/uploads\/2025\/08\/PresFeos15-300x207.jpg 300w, https:\/\/www.tucomarca.com\/wordpress\/segunda\/wp-content\/uploads\/2025\/08\/PresFeos15-768x531.jpg 768w, https:\/\/www.tucomarca.com\/wordpress\/segunda\/wp-content\/uploads\/2025\/08\/PresFeos15.jpg 1181w\" sizes=\"auto, (max-width: 1024px) 100vw, 1024px\" \/><\/figure>\n<\/figure>\n","protected":false},"excerpt":{"rendered":"<div class=\"mh-excerpt\">El Teatro Montecarlo de Bu\u00f1ol se visti\u00f3 de gala para acoger la Presentaci\u00f3n y Exaltaci\u00f3n de las Reinas del Mant\u00f3n, en un escenario ideado por la Comisi\u00f3n de la Fiesta del Mant\u00f3n que, este a\u00f1o, <a class=\"mh-excerpt-more\" href=\"https:\/\/www.tucomarca.com\/wordpress\/segunda\/fotogaleria-la-sm-la-artistica-de-bunol-vive-una-noche-magica-en-la-presentacion-y-exaltacion-de-las-reinas-del-manton-2024\/\" title=\"Fotogaler\u00eda: La SM \u201cLa Art\u00edstica\u201d de Bu\u00f1ol vive una noche m\u00e1gica en la presentaci\u00f3n y exaltaci\u00f3n de las Reinas del Mant\u00f3n 2024\">[+] <\/a><\/div>\n","protected":false},"author":12,"featured_media":275005,"comment_status":"open","ping_status":"open","sticky":false,"template":"","format":"gallery","meta":{"footnotes":""},"categories":[18,8,10,5,7,383,3],"tags":[10385,5952,22881,10559],"class_list":{"0":"post-274996","1":"post","2":"type-post","3":"status-publish","4":"format-gallery","5":"has-post-thumbnail","7":"category-bunol","8":"category-la-comarca","9":"category-la-hoya","10":"category-la-semana-en-imagenes","11":"category-ocio-y-cultura","12":"category-pueblos-en-fiestas","13":"category-seccion","14":"tag-bunol","15":"tag-la-hoya-de-bunol-chiva","16":"tag-reinas-del-manton-2025-2","17":"tag-sm-la-artistica-de-bunol","18":"post_format-post-format-gallery"},"_links":{"self":[{"href":"https:\/\/www.tucomarca.com\/wordpress\/segunda\/wp-json\/wp\/v2\/posts\/274996","targetHints":{"allow":["GET"]}}],"collection":[{"href":"https:\/\/www.tucomarca.com\/wordpress\/segunda\/wp-json\/wp\/v2\/posts"}],"about":[{"href":"https:\/\/www.tucomarca.com\/wordpress\/segunda\/wp-json\/wp\/v2\/types\/post"}],"author":[{"embeddable":true,"href":"https:\/\/www.tucomarca.com\/wordpress\/segunda\/wp-json\/wp\/v2\/users\/12"}],"replies":[{"embeddable":true,"href":"https:\/\/www.tucomarca.com\/wordpress\/segunda\/wp-json\/wp\/v2\/comments?post=274996"}],"version-history":[{"count":0,"href":"https:\/\/www.tucomarca.com\/wordpress\/segunda\/wp-json\/wp\/v2\/posts\/274996\/revisions"}],"wp:featuredmedia":[{"embeddable":true,"href":"https:\/\/www.tucomarca.com\/wordpress\/segunda\/wp-json\/wp\/v2\/media\/275005"}],"wp:attachment":[{"href":"https:\/\/www.tucomarca.com\/wordpress\/segunda\/wp-json\/wp\/v2\/media?parent=274996"}],"wp:term":[{"taxonomy":"category","embeddable":true,"href":"https:\/\/www.tucomarca.com\/wordpress\/segunda\/wp-json\/wp\/v2\/categories?post=274996"},{"taxonomy":"post_tag","embeddable":true,"href":"https:\/\/www.tucomarca.com\/wordpress\/segunda\/wp-json\/wp\/v2\/tags?post=274996"}],"curies":[{"name":"wp","href":"https:\/\/api.w.org\/{rel}","templated":true}]}}