{"id":275044,"date":"2025-08-11T08:15:00","date_gmt":"2025-08-11T06:15:00","guid":{"rendered":"https:\/\/www.tucomarca.com\/wordpress\/segunda\/?p=275044"},"modified":"2025-08-11T18:42:45","modified_gmt":"2025-08-11T16:42:45","slug":"observacion-solar-en-el-centro-de-valencia","status":"publish","type":"post","link":"https:\/\/www.tucomarca.com\/wordpress\/segunda\/observacion-solar-en-el-centro-de-valencia\/","title":{"rendered":"Observaci\u00f3n solar en el centro de Valencia"},"content":{"rendered":"\n<p>M\u00e1s de 200 personas participar\u00e1n ma\u00f1ana en la observaci\u00f3n solar tutelada por la <strong>Asociaci\u00f3n <\/strong><strong>Valenciana <\/strong><strong>de <\/strong><strong>Astronom\u00eda<\/strong> y el <strong>Centro<\/strong><strong>Big History de Aras de los Olmos.<\/strong><\/p>\n\n\n\n<p>Esta actividad, realizada como pre\u00e1mbulo al <strong>eclipse solar que se<\/strong> producir\u00e1 en nuestro pa\u00eds el pr\u00f3ximo <strong>12 de agosto de 2026<\/strong><\/p>\n\n\n\n<p>La actividad, organizada por la <strong>Diputaci\u00f3 de Valencia <\/strong>y el <strong>Centro de Innovaci\u00f3n Territorial RuralTEC <\/strong>se desarrolla en el Museo Valenciano de la Ilustraci\u00f3n y la Modernidad (MuVIM) desde las 11h y se concibe como una acci\u00f3n promocional que permita presentar el trabajo conjunto que se est\u00e1 realizando con la colaboraci\u00f3n de distintas administraciones y entidades con objeto de promocionar los cielos del Rinc\u00f3n de Ademuz, Alto Turia y Tierra Bobal (Utiel-Requena) como recurso tur\u00edstico de primer nivel.<\/p>\n\n\n\n<p>Este modelo pretende poner en valor un recurso natural y cient\u00edfico \u00fanico hasta ahora poco explotado, generando nuevas oportunidades econ\u00f3micas, sociales y medioambientales para las comarcas implicadas.<\/p>\n\n\n\n<p>Participan:<\/p>\n\n\n\n<p>La acci\u00f3n est\u00e1 coordinada por la Diputaci\u00f3n de Valencia y el Centro de Innovaci\u00f3n Territorial RuralTEC, en colaboraci\u00f3n con el MuVIM, el Centro Big History de Aras de los Olmos, la Asociaci\u00f3n Valenciana de Astronom\u00eda, Cruz Roja, la Mancomunidad Interior Tierra del Vino y el destino tur\u00edstico Tierra Bobal.<\/p>\n\n\n\n<p><strong>Fecha:<\/strong> Martes 12 de agosto de 2025<\/p>\n\n\n\n<p><strong>Hora: <\/strong>11:00 h<\/p>\n\n\n\n<p><strong>Lugar:<\/strong> MuVIM \u2013 Museu Valenci\u00e0 de la Il\u00b7lustraci\u00f3 i de la Modernitat, C\/ de Quevedo, 10, Ciutat Vella, 46001 Val\u00e8ncia<\/p>\n","protected":false},"excerpt":{"rendered":"<div class=\"mh-excerpt\">M\u00e1s de 200 personas participar\u00e1n ma\u00f1ana en la observaci\u00f3n solar tutelada por la Asociaci\u00f3n Valenciana de Astronom\u00eda y el CentroBig History de Aras de los Olmos. Esta actividad, realizada como pre\u00e1mbulo al eclipse solar que <a class=\"mh-excerpt-more\" href=\"https:\/\/www.tucomarca.com\/wordpress\/segunda\/observacion-solar-en-el-centro-de-valencia\/\" title=\"Observaci\u00f3n solar en el centro de Valencia\">[+] <\/a><\/div>\n","protected":false},"author":13,"featured_media":275045,"comment_status":"open","ping_status":"open","sticky":false,"template":"","format":"standard","meta":{"footnotes":""},"categories":[4,101,8,59,117,7,3],"tags":[10483,10400,107,22899,15855],"class_list":{"0":"post-275044","1":"post","2":"type-post","3":"status-publish","4":"format-standard","5":"has-post-thumbnail","7":"category-agenda","8":"category-aras-de-olmos","9":"category-la-comarca","10":"category-los-serranos","11":"category-medio-ambiente-la-comarca","12":"category-ocio-y-cultura","13":"category-seccion","14":"tag-aras-de-olmos","15":"tag-los-serranos","16":"tag-medio-ambiente","17":"tag-observacion-astronomica","18":"tag-ocio-y-cultura"},"_links":{"self":[{"href":"https:\/\/www.tucomarca.com\/wordpress\/segunda\/wp-json\/wp\/v2\/posts\/275044","targetHints":{"allow":["GET"]}}],"collection":[{"href":"https:\/\/www.tucomarca.com\/wordpress\/segunda\/wp-json\/wp\/v2\/posts"}],"about":[{"href":"https:\/\/www.tucomarca.com\/wordpress\/segunda\/wp-json\/wp\/v2\/types\/post"}],"author":[{"embeddable":true,"href":"https:\/\/www.tucomarca.com\/wordpress\/segunda\/wp-json\/wp\/v2\/users\/13"}],"replies":[{"embeddable":true,"href":"https:\/\/www.tucomarca.com\/wordpress\/segunda\/wp-json\/wp\/v2\/comments?post=275044"}],"version-history":[{"count":0,"href":"https:\/\/www.tucomarca.com\/wordpress\/segunda\/wp-json\/wp\/v2\/posts\/275044\/revisions"}],"wp:featuredmedia":[{"embeddable":true,"href":"https:\/\/www.tucomarca.com\/wordpress\/segunda\/wp-json\/wp\/v2\/media\/275045"}],"wp:attachment":[{"href":"https:\/\/www.tucomarca.com\/wordpress\/segunda\/wp-json\/wp\/v2\/media?parent=275044"}],"wp:term":[{"taxonomy":"category","embeddable":true,"href":"https:\/\/www.tucomarca.com\/wordpress\/segunda\/wp-json\/wp\/v2\/categories?post=275044"},{"taxonomy":"post_tag","embeddable":true,"href":"https:\/\/www.tucomarca.com\/wordpress\/segunda\/wp-json\/wp\/v2\/tags?post=275044"}],"curies":[{"name":"wp","href":"https:\/\/api.w.org\/{rel}","templated":true}]}}