{"id":27524,"date":"2014-05-28T15:10:17","date_gmt":"2014-05-28T12:10:17","guid":{"rendered":"http:\/\/www.tucomarca.com\/wordpress\/segunda\/?p=27524"},"modified":"2014-05-28T15:10:20","modified_gmt":"2014-05-28T12:10:20","slug":"los-alumnos-del-colegio-virgen-de-la-esperanza-de-cheste-visitan-la-jefatura-de-policia-y-el-metro-de-valencia","status":"publish","type":"post","link":"https:\/\/www.tucomarca.com\/wordpress\/segunda\/los-alumnos-del-colegio-virgen-de-la-esperanza-de-cheste-visitan-la-jefatura-de-policia-y-el-metro-de-valencia\/","title":{"rendered":"Los alumnos del colegio Virgen de la Esperanza de Cheste visitan la Jefatura de Polic\u00eda y el metro de Valencia"},"content":{"rendered":"<p><figure id=\"attachment_27525\" aria-describedby=\"caption-attachment-27525\" style=\"width: 300px\" class=\"wp-caption alignleft\"><a href=\"https:\/\/www.tucomarca.com\/wordpress\/segunda\/2014\/05\/los-alumnos-del-colegio-virgen-de-la-esperanza-de-cheste-visitan-la-jefatura-de-policia-y-el-metro-de-valencia\/visita-jefatura-policia\/\" rel=\"attachment wp-att-27525\"><img loading=\"lazy\" decoding=\"async\" src=\"https:\/\/www.tucomarca.com\/wordpress\/segunda\/wp-content\/uploads\/2014\/05\/visita-Jefatura-Policia-300x225.jpg\" alt=\"\" title=\"visita Jefatura Policia\" width=\"300\" height=\"225\" class=\"size-medium wp-image-27525\" srcset=\"https:\/\/www.tucomarca.com\/wordpress\/segunda\/wp-content\/uploads\/2014\/05\/visita-Jefatura-Policia-300x225.jpg 300w, https:\/\/www.tucomarca.com\/wordpress\/segunda\/wp-content\/uploads\/2014\/05\/visita-Jefatura-Policia.jpg 800w\" sizes=\"auto, (max-width: 300px) 100vw, 300px\" \/><\/a><figcaption id=\"caption-attachment-27525\" class=\"wp-caption-text\">Visita de los alumnos a la Jefatura de la Polic\u00eda Local de Valencia. tc.c<\/figcaption><\/figure>Alumnos del Colegio Virgen de la Esperanza de Cheste han disfrutado durante los \u00faltimos d\u00edas de una iniciativa muy especial; una excursi\u00f3n a Valencia para conocer personalmente la Jefatura de Polic\u00eda y el Funcionamiento del Metro de Valencia.<\/p>\n<p>Los j\u00f3venes se han mostrado muy ilusionados y participativos con los agentes de polic\u00eda local, quienes les han guiado a lo largo de su visita a estas instalaciones oficiales y con los que han tenido la oportunidad de charlar.<\/p>\n<p>Tambi\u00e9n, y acompa\u00f1ados por su profesor de Educaci\u00f3n Vial, Sergio Schiafino y por  la Concejal de Educaci\u00f3n, Luisa Casad\u00f3, han visitado las instalaciones de metro valencia y han conocido el funcionamiento de este transporte p\u00fablico.<\/p>\n<p>\u201cEl objetivo de esta iniciativa es que aprendan el funcionamiento del metro, desde c\u00f3mo adquirir un ticket a subirse a un metro, solicitar una parada, ver su rapidez para que no se sorprendan y que puedan estar totalmente familiarizados con \u00e9l. Es parte del contenido de Educaci\u00f3n Vial que les damos a lo largo de todo el a\u00f1o, pero en esta ocasi\u00f3n en vez de teor\u00eda con una clase pr\u00e1ctica\u201d explicaba el polic\u00eda local Schiafino.<\/p>\n<p>Por su parte, la concejal de Educaci\u00f3n, Luisa Casad\u00f3, ha sostenido la importancia de estas iniciativas que ante todo les har\u00e1n ganar seguridad y autonom\u00eda que les permitir\u00e1n ser mucho m\u00e1s funcionales en una gran ciudad como puede ser Valencia. <\/p>\n<p>Tanto j\u00f3venes como ni\u00f1os calificaron muy positivamente esta experiencia y disfrutaron de toda la informaci\u00f3n y conocimientos que les iban dando por lo que no se descarta que de cara al a\u00f1o que viene puedan disfrutar de otra clase pr\u00e1ctica.<\/p>\n","protected":false},"excerpt":{"rendered":"<div class=\"mh-excerpt\">Alumnos del Colegio Virgen de la Esperanza de Cheste han disfrutado durante los \u00faltimos d\u00edas de una iniciativa muy especial; una excursi\u00f3n a Valencia para conocer personalmente la Jefatura de Polic\u00eda y el Funcionamiento del <a class=\"mh-excerpt-more\" href=\"https:\/\/www.tucomarca.com\/wordpress\/segunda\/los-alumnos-del-colegio-virgen-de-la-esperanza-de-cheste-visitan-la-jefatura-de-policia-y-el-metro-de-valencia\/\" title=\"Los alumnos del colegio Virgen de la Esperanza de Cheste visitan la Jefatura de Polic\u00eda y el metro de Valencia\">[+] <\/a><\/div>\n","protected":false},"author":2,"featured_media":27525,"comment_status":"open","ping_status":"open","sticky":false,"template":"","format":"standard","meta":{"footnotes":""},"categories":[17,8,10,7,3],"tags":[886,339,993,4541,4540,4373],"class_list":{"0":"post-27524","1":"post","2":"type-post","3":"status-publish","4":"format-standard","5":"has-post-thumbnail","7":"category-cheste","8":"category-la-comarca","9":"category-la-hoya","10":"category-ocio-y-cultura","11":"category-seccion","12":"tag-alumnos","13":"tag-cheste-2","14":"tag-colegio","15":"tag-policia-y-metro-en-valencia","16":"tag-virgen-de-la-esperanza","17":"tag-visitan"},"_links":{"self":[{"href":"https:\/\/www.tucomarca.com\/wordpress\/segunda\/wp-json\/wp\/v2\/posts\/27524","targetHints":{"allow":["GET"]}}],"collection":[{"href":"https:\/\/www.tucomarca.com\/wordpress\/segunda\/wp-json\/wp\/v2\/posts"}],"about":[{"href":"https:\/\/www.tucomarca.com\/wordpress\/segunda\/wp-json\/wp\/v2\/types\/post"}],"author":[{"embeddable":true,"href":"https:\/\/www.tucomarca.com\/wordpress\/segunda\/wp-json\/wp\/v2\/users\/2"}],"replies":[{"embeddable":true,"href":"https:\/\/www.tucomarca.com\/wordpress\/segunda\/wp-json\/wp\/v2\/comments?post=27524"}],"version-history":[{"count":0,"href":"https:\/\/www.tucomarca.com\/wordpress\/segunda\/wp-json\/wp\/v2\/posts\/27524\/revisions"}],"wp:featuredmedia":[{"embeddable":true,"href":"https:\/\/www.tucomarca.com\/wordpress\/segunda\/wp-json\/wp\/v2\/media\/27525"}],"wp:attachment":[{"href":"https:\/\/www.tucomarca.com\/wordpress\/segunda\/wp-json\/wp\/v2\/media?parent=27524"}],"wp:term":[{"taxonomy":"category","embeddable":true,"href":"https:\/\/www.tucomarca.com\/wordpress\/segunda\/wp-json\/wp\/v2\/categories?post=27524"},{"taxonomy":"post_tag","embeddable":true,"href":"https:\/\/www.tucomarca.com\/wordpress\/segunda\/wp-json\/wp\/v2\/tags?post=27524"}],"curies":[{"name":"wp","href":"https:\/\/api.w.org\/{rel}","templated":true}]}}