{"id":275248,"date":"2025-08-14T08:30:00","date_gmt":"2025-08-14T06:30:00","guid":{"rendered":"https:\/\/www.tucomarca.com\/wordpress\/segunda\/?p=275248"},"modified":"2025-08-14T09:17:39","modified_gmt":"2025-08-14T07:17:39","slug":"entrevista-a-carmen-alis-marzal-que-estas-feria-y-fiestas-de-bunol-sean-momentos-de-reir-todos-de-estar-todos-juntos-y-de-olvidarnos-de-otras-cosas","status":"publish","type":"post","link":"https:\/\/www.tucomarca.com\/wordpress\/segunda\/entrevista-a-carmen-alis-marzal-que-estas-feria-y-fiestas-de-bunol-sean-momentos-de-reir-todos-de-estar-todos-juntos-y-de-olvidarnos-de-otras-cosas\/","title":{"rendered":"Entrevista a Carmen Al\u00eds Marzal: \u00abQue estas Feria y Fiestas de Bu\u00f1ol sean momentos de re\u00edr todos, de estar todos juntos y de olvidarnos de otras cosas\u00bb"},"content":{"rendered":"<div class=\"wp-block-image\">\n<figure class=\"alignleft size-large is-resized\"><img loading=\"lazy\" decoding=\"async\" width=\"718\" height=\"1024\" src=\"https:\/\/www.tucomarca.com\/wordpress\/segunda\/wp-content\/uploads\/2025\/08\/CarmenAlisEntrevista-718x1024.jpg\" alt=\"\" class=\"wp-image-275267\" style=\"width:377px;height:auto\" srcset=\"https:\/\/www.tucomarca.com\/wordpress\/segunda\/wp-content\/uploads\/2025\/08\/CarmenAlisEntrevista-718x1024.jpg 718w, https:\/\/www.tucomarca.com\/wordpress\/segunda\/wp-content\/uploads\/2025\/08\/CarmenAlisEntrevista-210x300.jpg 210w, https:\/\/www.tucomarca.com\/wordpress\/segunda\/wp-content\/uploads\/2025\/08\/CarmenAlisEntrevista-768x1095.jpg 768w, https:\/\/www.tucomarca.com\/wordpress\/segunda\/wp-content\/uploads\/2025\/08\/CarmenAlisEntrevista.jpg 823w\" sizes=\"auto, (max-width: 718px) 100vw, 718px\" \/><\/figure>\n<\/div>\n\n\n<h3 class=\"wp-block-heading\">Carmen Al\u00eds Marzal, la nueva Reina de la Feria y Fiestas de Bu\u00f1ol, es entusiasta, extrovertida y muy familiar. Este viernes ser\u00e1 proclamada en el auditorio al aire libre de San Luis para vivir un sue\u00f1o y ejercer un cargo que le ilusiona much\u00edsimo.<\/h3>\n\n\n\n<p><strong>\u2014 PREGUNTA: \u00bfC\u00f3mo te sientes a escasos d\u00edas del arranque de la Feria y Fiestas?<\/strong><\/p>\n\n\n\n<p>\u2014 RESPUESTA: Pues me siento tranquila pero a la vez nerviosa, un poco de todo. Estoy tranquila porque estoy viviendo los d\u00edas como tocan. Ahora pongo los trajes y luego presentaci\u00f3n el viernes. Los estoy viviendo al momento. Y nerviosa porque cuando llegue el viernes me voy a querer morir, pero bueno, bien.<\/p>\n\n\n\n<p><strong>\u2014 \u00bfNos puedes desvelar alg\u00fan detalle de tu presentaci\u00f3n?<\/strong><\/p>\n\n\n\n<p>\u2014 Pues si os digo la verdad, de mi presentaci\u00f3n no s\u00e9 nada, no me quieren decir nada.<\/p>\n\n\n\n<p><strong>\u2014 Adem\u00e1s de la presentaci\u00f3n, que me imagino que ser\u00e1 uno de los momentos m\u00e1s esperados, \u00bfqu\u00e9 otros actos deseas vivir de manera especial?<\/strong><\/p>\n\n\n\n<p>\u2014 Pues el D\u00eda de las M\u00fasicas, tengo un mont\u00f3n de ganas, un mont\u00f3n.<\/p>\n\n\n\n<p><strong>\u2014 \u00bfAlguno c\u00f3mo La Tomatina? \u00bfVas a subir en el cami\u00f3n?<\/strong><\/p>\n\n\n\n<p>\u2014 \u00a1Claro que s\u00ed! Voy a subir al cami\u00f3n y va a ser la primera vez que salga a La Tomatina, que nunca he asistido a ella. Y la verdad que con muchas ganas. Tengo mucha aprensi\u00f3n al tomate, pero bueno, haremos lo que sea para este a\u00f1o salir.<\/p>\n\n\n\n<p><strong>\u2014 \u00bfHas tenido ocasi\u00f3n de intercambiar impresiones con tu antecesor en el cargo, Yeray?<\/strong><\/p>\n\n\n\n<p>\u2014 S\u00ed, con Yeray me llevo muy bien, la verdad. Hemos estado hablando y me ha venido recomendando cosas. Que duerma, que descanse, que lo disfrute todo el momento, que se pasa volando. As\u00ed que s\u00ed, muy bien, he hablado con ellos y s\u00faper bien.<\/p>\n\n\n\n<p><strong>\u2014 \u00bfQu\u00e9 consejos te han transmitido la alcaldesa, el concejal de Fiestas y la Comisi\u00f3n de Fiestas?<\/strong><\/p>\n\n\n\n<p>\u2014 Que es un a\u00f1o que va a ser s\u00faper bonito, que lo voy a recordar toda mi vida, tanto yo como mi familia. Pero que se pasa volando. Yo le digo&#8230; pasa volando, pero acaba de empezar, por favor d\u00e9jame respirar. As\u00ed que nada, s\u00faper bien, con un mont\u00f3n de ganas.<\/p>\n\n\n\n<p><strong>\u2014 \u00bfQu\u00e9 me dices de las chicas de la Corte de Honor?<\/strong><\/p>\n\n\n\n<p>\u2014 Son maravillosas. Mi corte me encanta, me lo paso s\u00faper bien con ellas. Ya desde el minuto uno de la primera presentaci\u00f3n estuvimos quedando para cenar y todo. Vamos a ver los trajes de cada una de ellas y la verdad que s\u00faper bien. Ya conoc\u00eda a varias de ellas y las dem\u00e1s, pues no me ha costado nada hacer amistad con ellas. Muy bien, nos llevamos fenomenal.<\/p>\n\n\n\n<p><strong>\u2014 \u00bfTe imaginabas vivir esto?<\/strong><\/p>\n\n\n\n<p>\u2014 Yo no, no entraba en mis planes, la verdad. Pero cuando se me dio esta oportunidad, me encant\u00f3, ya que la familia de mi padre es de la banda de \u00abLa Arm\u00f3nica\u00bb y la de mi madre \u00abLa Art\u00edstica\u00bb, pues la verdad que fue algo para la familia s\u00faper bien, para representar a las dos bandas. Al pueblo.<\/p>\n\n\n\n<p><strong>\u2014 \u00bfC\u00f3mo describimos los vestidos? \u00bfCu\u00e1l es el que m\u00e1s te gusta?<\/strong><\/p>\n\n\n\n<p>\u2014 Son elegantes, llenos de detalles y pensados para cada momento. Me he hecho cinco. Tengo dos del d\u00eda de San Luis, de bu\u00f1olera, que saldr\u00e9 por la ma\u00f1ana con uno morado-berenjena y el mant\u00f3n de flores. Luego por la tarde saldr\u00e9 con toca y mantilla con un color hueso. Luego tengo el de la presentaci\u00f3n de este viernes, que es blanco, que yo creo que es diferente a los que se han visto. Luego tengo el del D\u00eda de las M\u00fasicas, que es con falda rosa y un cors\u00e9 blanco s\u00faper bonito y florecitas de doradas y rosa que brillan un mont\u00f3n. Y para el traslado del Santo voy a sacar una de mi madre cuando fue representante de Los Feos, marroncito y dorado, muy bonito. Y nosotros le hemos hecho un arreglo a la parte de arriba para no sacar lo mismo y darle un toque m\u00e1s moderno.<\/p>\n\n\n\n<p><strong>\u2014 \u00bfY para el concierto \u201cMano a mano\u201d?<\/strong><\/p>\n\n\n\n<p>\u2014 Llevar\u00e9 un vestido m\u00e1s c\u00f3modo pero igualmente especial. Voy a llevar una falda de cuadros. Voy as\u00ed un poco vintage, muy diferente al resto, pero me gusta un mont\u00f3n porque es muy elegante. Y eso, de rojo, blanco y negro. Muy bonito. Una falda y una camisa muy chula.<\/p>\n\n\n\n<p><strong>\u2014 \u00bfInvitamos a quienes lean esta entrevista a que visiten Bu\u00f1ol en Fiestas?<\/strong><\/p>\n\n\n\n<p>\u2014 Por supuesto. Animo a todos a venir y a vivir nuestras tradiciones. Qu\u00e9 se note que aqu\u00ed sabemos celebrar fiestas. Qu\u00e9 con la tradici\u00f3n que tenemos, tanto de La Tomatina, como el d\u00eda de San Luis, de nuestro patr\u00f3n, del D\u00eda de Las M\u00fasicas&#8230; Qu\u00e9 estas fiestas sean muy nuestras. Qu\u00e9 sean momentos de re\u00edr todos, de estar todos juntos, de olvidarnos de otras cosas y de estar unidos, siempre.<\/p>\n\n\n\n<p><strong>\u2014 Carmen, te deseamos desde <\/strong>tucomarca.com<strong> que pases unas fiestas inolvidables.<\/strong><\/p>\n\n\n\n<p>\u2014 Muchas gracias. Estoy segura de que ser\u00e1n unas fiestas para recordar toda la vida. Tenemos muchas ganas todos. Tanto el pueblo, que veo que est\u00e1 ansioso ya por verme, como mi familia y yo.<\/p>\n","protected":false},"excerpt":{"rendered":"<div class=\"mh-excerpt\">Carmen Al\u00eds Marzal, la nueva Reina de la Feria y Fiestas de Bu\u00f1ol, es entusiasta, extrovertida y muy familiar. Este viernes ser\u00e1 proclamada en el auditorio al aire libre de San Luis para vivir un <a class=\"mh-excerpt-more\" href=\"https:\/\/www.tucomarca.com\/wordpress\/segunda\/entrevista-a-carmen-alis-marzal-que-estas-feria-y-fiestas-de-bunol-sean-momentos-de-reir-todos-de-estar-todos-juntos-y-de-olvidarnos-de-otras-cosas\/\" title=\"Entrevista a Carmen Al\u00eds Marzal: \u00abQue estas Feria y Fiestas de Bu\u00f1ol sean momentos de re\u00edr todos, de estar todos juntos y de olvidarnos de otras cosas\u00bb\">[+] <\/a><\/div>\n","protected":false},"author":12,"featured_media":275269,"comment_status":"open","ping_status":"open","sticky":false,"template":"","format":"standard","meta":{"footnotes":""},"categories":[18,8,10,7,383,3],"tags":[10385,5952,22323],"class_list":{"0":"post-275248","1":"post","2":"type-post","3":"status-publish","4":"format-standard","5":"has-post-thumbnail","7":"category-bunol","8":"category-la-comarca","9":"category-la-hoya","10":"category-ocio-y-cultura","11":"category-pueblos-en-fiestas","12":"category-seccion","13":"tag-bunol","14":"tag-la-hoya-de-bunol-chiva","15":"tag-reina-de-la-feria-y-fiestas-2025"},"_links":{"self":[{"href":"https:\/\/www.tucomarca.com\/wordpress\/segunda\/wp-json\/wp\/v2\/posts\/275248","targetHints":{"allow":["GET"]}}],"collection":[{"href":"https:\/\/www.tucomarca.com\/wordpress\/segunda\/wp-json\/wp\/v2\/posts"}],"about":[{"href":"https:\/\/www.tucomarca.com\/wordpress\/segunda\/wp-json\/wp\/v2\/types\/post"}],"author":[{"embeddable":true,"href":"https:\/\/www.tucomarca.com\/wordpress\/segunda\/wp-json\/wp\/v2\/users\/12"}],"replies":[{"embeddable":true,"href":"https:\/\/www.tucomarca.com\/wordpress\/segunda\/wp-json\/wp\/v2\/comments?post=275248"}],"version-history":[{"count":0,"href":"https:\/\/www.tucomarca.com\/wordpress\/segunda\/wp-json\/wp\/v2\/posts\/275248\/revisions"}],"wp:featuredmedia":[{"embeddable":true,"href":"https:\/\/www.tucomarca.com\/wordpress\/segunda\/wp-json\/wp\/v2\/media\/275269"}],"wp:attachment":[{"href":"https:\/\/www.tucomarca.com\/wordpress\/segunda\/wp-json\/wp\/v2\/media?parent=275248"}],"wp:term":[{"taxonomy":"category","embeddable":true,"href":"https:\/\/www.tucomarca.com\/wordpress\/segunda\/wp-json\/wp\/v2\/categories?post=275248"},{"taxonomy":"post_tag","embeddable":true,"href":"https:\/\/www.tucomarca.com\/wordpress\/segunda\/wp-json\/wp\/v2\/tags?post=275248"}],"curies":[{"name":"wp","href":"https:\/\/api.w.org\/{rel}","templated":true}]}}