{"id":27532,"date":"2014-05-28T18:07:20","date_gmt":"2014-05-28T15:07:20","guid":{"rendered":"http:\/\/www.tucomarca.com\/wordpress\/segunda\/?p=27532"},"modified":"2014-05-28T18:07:24","modified_gmt":"2014-05-28T15:07:24","slug":"comienzan-las-primeras-actuaciones-en-la-torre-muza-de-benifaio","status":"publish","type":"post","link":"https:\/\/www.tucomarca.com\/wordpress\/segunda\/comienzan-las-primeras-actuaciones-en-la-torre-muza-de-benifaio\/","title":{"rendered":"Comienzan las primeras actuaciones en La Torre Muza de Benifai\u00f3"},"content":{"rendered":"<p><figure id=\"attachment_27533\" aria-describedby=\"caption-attachment-27533\" style=\"width: 300px\" class=\"wp-caption alignleft\"><a href=\"https:\/\/www.tucomarca.com\/wordpress\/segunda\/2014\/05\/comienzan-las-primeras-actuaciones-en-la-torre-muza-de-benifaio\/firma-inicio-obras\/\" rel=\"attachment wp-att-27533\"><img loading=\"lazy\" decoding=\"async\" src=\"https:\/\/www.tucomarca.com\/wordpress\/segunda\/wp-content\/uploads\/2014\/05\/firma-inicio-obras-e1401289559197-300x199.jpg\" alt=\"\" title=\"firma inicio obras\" width=\"300\" height=\"199\" class=\"size-medium wp-image-27533\" srcset=\"https:\/\/www.tucomarca.com\/wordpress\/segunda\/wp-content\/uploads\/2014\/05\/firma-inicio-obras-e1401289559197-300x199.jpg 300w, https:\/\/www.tucomarca.com\/wordpress\/segunda\/wp-content\/uploads\/2014\/05\/firma-inicio-obras-e1401289559197-1024x681.jpg 1024w, https:\/\/www.tucomarca.com\/wordpress\/segunda\/wp-content\/uploads\/2014\/05\/firma-inicio-obras-e1401289559197.jpg 1488w\" sizes=\"auto, (max-width: 300px) 100vw, 300px\" \/><\/a><figcaption id=\"caption-attachment-27533\" class=\"wp-caption-text\">Firma previa al inicio de los trabajos en la torre. tc.c<\/figcaption><\/figure>El equipo de trabajo que realizar\u00e1 durante los pr\u00f3ximos seis meses las actuaciones urgentes en la Torre Muza ya ha iniciado esta ma\u00f1ana las primeras labores de inspecci\u00f3n.<br \/>\nUn equipo del departamento de Arquitectura t\u00e9cnica de la Universidad Polit\u00e9cnica y t\u00e9cnicos de la Conselleria de Cultura han estado presente a pie de Torre junto a la alcaldesa de Benifai\u00f3 Amparo Arc\u00eds para firmar el acta de inicio de obras que hoy mismo ya han dado comienzo.<br \/>\nComo ya indic\u00f3 en su momento Vicente L\u00f3pez, profesor de la arquitectura y encargado del proyecto \u201cestos trabajos van a consistir los primeros d\u00edas en labores de georadar, arqueol\u00f3gicos de prospecciones y de investigaci\u00f3n adem\u00e1s de trabajos de campo sobre la fachada que permitir\u00e1n evitar el peligro de desprendimiento de la torre y conseguir que no sigan cayendo parte de las almenas m\u00e1s deterioradas y mantener el edificio hist\u00f3rico\u201d.<br \/>\nYa en la presentaci\u00f3n del proyecto en el mes de noviembre de 2013, Vicente L\u00f3pez concretaba que lo m\u00e1s defectuoso \u201cse encuentra en los dos metros superiores, en concreto su esquina norte y las almenas que se est\u00e1 desprendiendo y es aqu\u00ed donde hay que incidir de forma urgente\u201d.<br \/>\nLos trabajos, como se desprende del proyecto, consistir\u00edan adem\u00e1s en rehacer la parte superior, restaurar partes defectuosas y eliminar la hiedra ya que el estudio bot\u00e1nico as\u00ed lo aconseja.<br \/>\nDos importantes subvenciones concedidas al Ayuntamiento de Benifai\u00f3 por la Conselleria de Cultura (24.623 euros) y la reciente otorgada por la Diputaci\u00f3n de Valencia (40.000 euros) har\u00e1n posible durante estas obras evitar m\u00e1s desprendimientos en la Torre Muza de Benifai\u00f3.<\/p>\n","protected":false},"excerpt":{"rendered":"<div class=\"mh-excerpt\">El equipo de trabajo que realizar\u00e1 durante los pr\u00f3ximos seis meses las actuaciones urgentes en la Torre Muza ya ha iniciado esta ma\u00f1ana las primeras labores de inspecci\u00f3n. Un equipo del departamento de Arquitectura t\u00e9cnica <a class=\"mh-excerpt-more\" href=\"https:\/\/www.tucomarca.com\/wordpress\/segunda\/comienzan-las-primeras-actuaciones-en-la-torre-muza-de-benifaio\/\" title=\"Comienzan las primeras actuaciones en La Torre Muza de Benifai\u00f3\">[+] <\/a><\/div>\n","protected":false},"author":2,"featured_media":27533,"comment_status":"open","ping_status":"open","sticky":false,"template":"","format":"standard","meta":{"footnotes":""},"categories":[267,8,42,3,45],"tags":[2149,10460,3556,2368],"class_list":{"0":"post-27532","1":"post","2":"type-post","3":"status-publish","4":"format-standard","5":"has-post-thumbnail","7":"category-benifaio","8":"category-la-comarca","9":"category-la-ribera","10":"category-seccion","11":"category-ventana","12":"tag-actuacion","13":"tag-benifaio","14":"tag-inicio-obras","15":"tag-torre-muza"},"_links":{"self":[{"href":"https:\/\/www.tucomarca.com\/wordpress\/segunda\/wp-json\/wp\/v2\/posts\/27532","targetHints":{"allow":["GET"]}}],"collection":[{"href":"https:\/\/www.tucomarca.com\/wordpress\/segunda\/wp-json\/wp\/v2\/posts"}],"about":[{"href":"https:\/\/www.tucomarca.com\/wordpress\/segunda\/wp-json\/wp\/v2\/types\/post"}],"author":[{"embeddable":true,"href":"https:\/\/www.tucomarca.com\/wordpress\/segunda\/wp-json\/wp\/v2\/users\/2"}],"replies":[{"embeddable":true,"href":"https:\/\/www.tucomarca.com\/wordpress\/segunda\/wp-json\/wp\/v2\/comments?post=27532"}],"version-history":[{"count":0,"href":"https:\/\/www.tucomarca.com\/wordpress\/segunda\/wp-json\/wp\/v2\/posts\/27532\/revisions"}],"wp:featuredmedia":[{"embeddable":true,"href":"https:\/\/www.tucomarca.com\/wordpress\/segunda\/wp-json\/wp\/v2\/media\/27533"}],"wp:attachment":[{"href":"https:\/\/www.tucomarca.com\/wordpress\/segunda\/wp-json\/wp\/v2\/media?parent=27532"}],"wp:term":[{"taxonomy":"category","embeddable":true,"href":"https:\/\/www.tucomarca.com\/wordpress\/segunda\/wp-json\/wp\/v2\/categories?post=27532"},{"taxonomy":"post_tag","embeddable":true,"href":"https:\/\/www.tucomarca.com\/wordpress\/segunda\/wp-json\/wp\/v2\/tags?post=27532"}],"curies":[{"name":"wp","href":"https:\/\/api.w.org\/{rel}","templated":true}]}}