{"id":27548,"date":"2014-05-29T10:49:56","date_gmt":"2014-05-29T07:49:56","guid":{"rendered":"http:\/\/www.tucomarca.com\/wordpress\/segunda\/?p=27548"},"modified":"2014-05-29T10:49:56","modified_gmt":"2014-05-29T07:49:56","slug":"la-artistica-de-chiva-rinde-homenaje-en-su-revista-a-quienes-impulsaron-la-casa-de-la-musica","status":"publish","type":"post","link":"https:\/\/www.tucomarca.com\/wordpress\/segunda\/la-artistica-de-chiva-rinde-homenaje-en-su-revista-a-quienes-impulsaron-la-casa-de-la-musica\/","title":{"rendered":"\u00abLa Art\u00edstica\u00bb de Chiva rinde homenaje en su revista a quienes impulsaron la Casa de la M\u00fasica"},"content":{"rendered":"<p>Como adelant\u00f3 este peri\u00f3dico en su edici\u00f3n impresa, la Sociedad Musical \u00abLa Art\u00edstica\u00bb de Chiva ha publicado el cuarto n\u00famero de la revista que distribuye entre socios y simpatizantes. En esta \u00faltima entrega, el contenido se centra en el proceso de construcci\u00f3n de la actual sede social en la que se desarrolla buena parte de su actividad formativa y musical. As\u00ed, se incluye una entrevista con el ex presidente de la entidad, Antonio L\u00f3pez Igual, quien estuvo al frente de \u00abLa Art\u00edstica\u00bb veinte a\u00f1os, culminando su mandato con la construcci\u00f3n de la Casa de la M\u00fasica. En este n\u00famero tambi\u00e9n se presta especial atenci\u00f3n al grupo l\u00edrico que a\u00f1os atr\u00e1s dio prestigio a la sociedad y que actu\u00f3 en buena parte de la geograf\u00eda valenciana gracias al entregado trabajo de sus integrantes.<br \/>\nTambi\u00e9n se reconoce el esfuerzo de los integrantes de la junta directiva y se repasan los actos protagonizados por las agrupaciones durante los \u00faltimos meses.<br \/>\nPrecisamente, quienes se ocupan ahora de llevar las riendas de la entidad han remarcado la importancia de caminar juntos en pro de la consecuci\u00f3n de los objetivos que ayuden a mejorar tanto las instalaciones como la propuesta musical de las numerosas agrupaciones que dan vida a \u00abLa Art\u00edstica\u00bb. <\/p>\n","protected":false},"excerpt":{"rendered":"<div class=\"mh-excerpt\">Como adelant\u00f3 este peri\u00f3dico en su edici\u00f3n impresa, la Sociedad Musical \u00abLa Art\u00edstica\u00bb de Chiva ha publicado el cuarto n\u00famero de la revista que distribuye entre socios y simpatizantes. En esta \u00faltima entrega, el contenido <a class=\"mh-excerpt-more\" href=\"https:\/\/www.tucomarca.com\/wordpress\/segunda\/la-artistica-de-chiva-rinde-homenaje-en-su-revista-a-quienes-impulsaron-la-casa-de-la-musica\/\" title=\"\u00abLa Art\u00edstica\u00bb de Chiva rinde homenaje en su revista a quienes impulsaron la Casa de la M\u00fasica\">[+] <\/a><\/div>\n","protected":false},"author":2,"featured_media":0,"comment_status":"open","ping_status":"open","sticky":false,"template":"","format":"standard","meta":{"footnotes":""},"categories":[66,16,8,10,7,3],"tags":[627,4546,10384,778,1343],"class_list":{"0":"post-27548","1":"post","2":"type-post","3":"status-publish","4":"format-standard","6":"category-musica","7":"category-chiva","8":"category-la-comarca","9":"category-la-hoya","10":"category-ocio-y-cultura","11":"category-seccion","12":"tag-artistica","13":"tag-casa-de-la-musica","14":"tag-chiva","15":"tag-homenaje","16":"tag-revista"},"_links":{"self":[{"href":"https:\/\/www.tucomarca.com\/wordpress\/segunda\/wp-json\/wp\/v2\/posts\/27548","targetHints":{"allow":["GET"]}}],"collection":[{"href":"https:\/\/www.tucomarca.com\/wordpress\/segunda\/wp-json\/wp\/v2\/posts"}],"about":[{"href":"https:\/\/www.tucomarca.com\/wordpress\/segunda\/wp-json\/wp\/v2\/types\/post"}],"author":[{"embeddable":true,"href":"https:\/\/www.tucomarca.com\/wordpress\/segunda\/wp-json\/wp\/v2\/users\/2"}],"replies":[{"embeddable":true,"href":"https:\/\/www.tucomarca.com\/wordpress\/segunda\/wp-json\/wp\/v2\/comments?post=27548"}],"version-history":[{"count":0,"href":"https:\/\/www.tucomarca.com\/wordpress\/segunda\/wp-json\/wp\/v2\/posts\/27548\/revisions"}],"wp:attachment":[{"href":"https:\/\/www.tucomarca.com\/wordpress\/segunda\/wp-json\/wp\/v2\/media?parent=27548"}],"wp:term":[{"taxonomy":"category","embeddable":true,"href":"https:\/\/www.tucomarca.com\/wordpress\/segunda\/wp-json\/wp\/v2\/categories?post=27548"},{"taxonomy":"post_tag","embeddable":true,"href":"https:\/\/www.tucomarca.com\/wordpress\/segunda\/wp-json\/wp\/v2\/tags?post=27548"}],"curies":[{"name":"wp","href":"https:\/\/api.w.org\/{rel}","templated":true}]}}