{"id":27550,"date":"2014-05-29T10:59:04","date_gmt":"2014-05-29T07:59:04","guid":{"rendered":"http:\/\/www.tucomarca.com\/wordpress\/segunda\/?p=27550"},"modified":"2014-05-29T10:59:07","modified_gmt":"2014-05-29T07:59:07","slug":"el-consorcio-valencia-interior-presenta-en-macastre-mi-cuenta-ambiental","status":"publish","type":"post","link":"https:\/\/www.tucomarca.com\/wordpress\/segunda\/el-consorcio-valencia-interior-presenta-en-macastre-mi-cuenta-ambiental\/","title":{"rendered":"El Consorcio Valencia Interior presenta en Macastre \u00abMi cuenta ambiental\u00bb"},"content":{"rendered":"<p><figure id=\"attachment_27551\" aria-describedby=\"caption-attachment-27551\" style=\"width: 300px\" class=\"wp-caption alignleft\"><a href=\"https:\/\/www.tucomarca.com\/wordpress\/segunda\/2014\/05\/el-consorcio-valencia-interior-presenta-en-macastre-mi-cuenta-ambiental\/consorcio-4\/\" rel=\"attachment wp-att-27551\"><img loading=\"lazy\" decoding=\"async\" src=\"https:\/\/www.tucomarca.com\/wordpress\/segunda\/wp-content\/uploads\/2014\/05\/consorcio-300x225.jpg\" alt=\"\" title=\"consorcio\" width=\"300\" height=\"225\" class=\"size-medium wp-image-27551\" srcset=\"https:\/\/www.tucomarca.com\/wordpress\/segunda\/wp-content\/uploads\/2014\/05\/consorcio-300x225.jpg 300w, https:\/\/www.tucomarca.com\/wordpress\/segunda\/wp-content\/uploads\/2014\/05\/consorcio-1024x768.jpg 1024w\" sizes=\"auto, (max-width: 300px) 100vw, 300px\" \/><\/a><figcaption id=\"caption-attachment-27551\" class=\"wp-caption-text\">Momento en el que se explic\u00f3 el proyecto a los vecinos. tc.c<\/figcaption><\/figure>Como public\u00f3 este semanario en su edici\u00f3n impresa, el presidente del Consorcio Valencia Interior, Javier Cervera; el Gerente de la citada instituci\u00f3n, \u00c1ngel Rodr\u00edguez; y  la alcaldesa, M\u00aa Jos\u00e9 Casero, presentaron d\u00edas atr\u00e1s en el sal\u00f3n de plenos de la casa consistorial de Macastre el programa Mi Cuenta Ambiental con el que se busca concienciar a la ciudadan\u00eda sobre los beneficios, tanto medioambientales como sobre el bolsillo, del reciclaje.<br \/>\n    Al acto asistieron una representaci\u00f3n de vecinos de Macastre (unos 30) que mostraron un gran inter\u00e9s por conocer el proceso de tratamiento de residuos que se desarrolla en las plantas de L\u00edria y Caudete de las Fuentes para separar y reutilizar los residuos dom\u00e9sticos. Como se detall\u00f3, en ellas se gestionan los residuos de cinco comarcas, entre ellas La Hoya.<br \/>\nEsta cita p\u00fablica se enmarca en la campa\u00f1a promocional desarrollada desde el Consorcio a fin de acercar al ciudadano su actividad. La propuesta se completa con visitas a la planta o las jornadas escolares para ense\u00f1ar a separar y reciclar a los m\u00e1s peque\u00f1os.\u00a0<br \/>\nTanto los representantes del Consorcio como la propia alcaldesa han insistido en la importancia de informar a la poblaci\u00f3n con el objetivo de generar conciencia de lo que significa el proceso de tratamiento de los residuos y la necesaria implicaci\u00f3n de los ciudadanos para el buen uso de los servicios.<br \/>\nUno de los temas que gener\u00f3 gran inter\u00e9s entre la ciudadan\u00eda fue la explicaci\u00f3n de Mi Cuenta Ambiental. Se trata de una experiencia que ya se ha desarrollado en otros municipios como Utiel o L\u00edria con una gran aceptaci\u00f3n por parte de los vecinos que han visto reducir su recibo del tratamiento de residuos llevando a cabo una buena pr\u00e1ctica del reciclaje, pues utilizando la Cuenta ambiental se puede ahorrar hasta un 50% en la factura. Como se explic\u00f3, el titular del recibo es quien debe dar de alta la tarjeta de Mi Cuenta Ambiental en el mismo Ecoparque M\u00f3vil o en el Ayuntamiento. \u00c9sta podr\u00e1 ser utilizada cada vez que lleve residuos al Ecoparque. Gracias a su uso acumular\u00e1 en puntos que se bonificar\u00e1n en el pr\u00f3ximo recibo. Con esta iniciativa se premia a quien realiza una buena pr\u00e1ctica de los residuos, \u00abpues cuanto m\u00e1s separemos, menos pagaremos\u00bb, ha reconocido M\u00aa Jos\u00e9 Casero, quien conf\u00eda en la implicaci\u00f3n de los macastreros en este proyecto.<\/p>\n","protected":false},"excerpt":{"rendered":"<div class=\"mh-excerpt\">Como public\u00f3 este semanario en su edici\u00f3n impresa, el presidente del Consorcio Valencia Interior, Javier Cervera; el Gerente de la citada instituci\u00f3n, \u00c1ngel Rodr\u00edguez; y la alcaldesa, M\u00aa Jos\u00e9 Casero, presentaron d\u00edas atr\u00e1s en el <a class=\"mh-excerpt-more\" href=\"https:\/\/www.tucomarca.com\/wordpress\/segunda\/el-consorcio-valencia-interior-presenta-en-macastre-mi-cuenta-ambiental\/\" title=\"El Consorcio Valencia Interior presenta en Macastre \u00abMi cuenta ambiental\u00bb\">[+] <\/a><\/div>\n","protected":false},"author":2,"featured_media":27551,"comment_status":"open","ping_status":"open","sticky":false,"template":"","format":"standard","meta":{"footnotes":""},"categories":[8,10,13,117,3],"tags":[417,10382,1768,614],"class_list":{"0":"post-27550","1":"post","2":"type-post","3":"status-publish","4":"format-standard","5":"has-post-thumbnail","7":"category-la-comarca","8":"category-la-hoya","9":"category-macastre","10":"category-medio-ambiente-la-comarca","11":"category-seccion","12":"tag-consorcio-valencia-interior","13":"tag-macastre","14":"tag-mi-cuenta-ambiental","15":"tag-presentacion"},"_links":{"self":[{"href":"https:\/\/www.tucomarca.com\/wordpress\/segunda\/wp-json\/wp\/v2\/posts\/27550","targetHints":{"allow":["GET"]}}],"collection":[{"href":"https:\/\/www.tucomarca.com\/wordpress\/segunda\/wp-json\/wp\/v2\/posts"}],"about":[{"href":"https:\/\/www.tucomarca.com\/wordpress\/segunda\/wp-json\/wp\/v2\/types\/post"}],"author":[{"embeddable":true,"href":"https:\/\/www.tucomarca.com\/wordpress\/segunda\/wp-json\/wp\/v2\/users\/2"}],"replies":[{"embeddable":true,"href":"https:\/\/www.tucomarca.com\/wordpress\/segunda\/wp-json\/wp\/v2\/comments?post=27550"}],"version-history":[{"count":0,"href":"https:\/\/www.tucomarca.com\/wordpress\/segunda\/wp-json\/wp\/v2\/posts\/27550\/revisions"}],"wp:featuredmedia":[{"embeddable":true,"href":"https:\/\/www.tucomarca.com\/wordpress\/segunda\/wp-json\/wp\/v2\/media\/27551"}],"wp:attachment":[{"href":"https:\/\/www.tucomarca.com\/wordpress\/segunda\/wp-json\/wp\/v2\/media?parent=27550"}],"wp:term":[{"taxonomy":"category","embeddable":true,"href":"https:\/\/www.tucomarca.com\/wordpress\/segunda\/wp-json\/wp\/v2\/categories?post=27550"},{"taxonomy":"post_tag","embeddable":true,"href":"https:\/\/www.tucomarca.com\/wordpress\/segunda\/wp-json\/wp\/v2\/tags?post=27550"}],"curies":[{"name":"wp","href":"https:\/\/api.w.org\/{rel}","templated":true}]}}