{"id":27555,"date":"2014-05-29T11:06:31","date_gmt":"2014-05-29T08:06:31","guid":{"rendered":"http:\/\/www.tucomarca.com\/wordpress\/segunda\/?p=27555"},"modified":"2014-05-29T11:06:34","modified_gmt":"2014-05-29T08:06:34","slug":"la-concejalia-de-educacion-de-alborache-acondiciona-el-area-ludica-de-la-escuela-municipal-infantil","status":"publish","type":"post","link":"https:\/\/www.tucomarca.com\/wordpress\/segunda\/la-concejalia-de-educacion-de-alborache-acondiciona-el-area-ludica-de-la-escuela-municipal-infantil\/","title":{"rendered":"La concejal\u00eda de Educaci\u00f3n de Alborache acondiciona el \u00e1rea l\u00fadica de la Escuela Municipal Infantil"},"content":{"rendered":"<p><figure id=\"attachment_27556\" aria-describedby=\"caption-attachment-27556\" style=\"width: 300px\" class=\"wp-caption alignleft\"><a href=\"https:\/\/www.tucomarca.com\/wordpress\/segunda\/2014\/05\/la-concejalia-de-educacion-de-alborache-acondiciona-el-area-ludica-de-la-escuela-municipal-infantil\/alborachecole\/\" rel=\"attachment wp-att-27556\"><img loading=\"lazy\" decoding=\"async\" src=\"https:\/\/www.tucomarca.com\/wordpress\/segunda\/wp-content\/uploads\/2014\/05\/alborachecole-e1401350696476-300x185.jpg\" alt=\"\" title=\"alborachecole\" width=\"300\" height=\"185\" class=\"size-medium wp-image-27556\" srcset=\"https:\/\/www.tucomarca.com\/wordpress\/segunda\/wp-content\/uploads\/2014\/05\/alborachecole-e1401350696476-300x185.jpg 300w, https:\/\/www.tucomarca.com\/wordpress\/segunda\/wp-content\/uploads\/2014\/05\/alborachecole-e1401350696476.jpg 776w\" sizes=\"auto, (max-width: 300px) 100vw, 300px\" \/><\/a><figcaption id=\"caption-attachment-27556\" class=\"wp-caption-text\">\u00c1rea acondicionada por el consistorio. tc.c<\/figcaption><\/figure>Como anticip\u00f3 este semanario en su edici\u00f3n impresa, el Ayuntamiento de Alborache ha decidido actuar en las instalaciones en las que se ubica la Escuela Municipal Infantil al objeto de mejorar la calidad educativa tanto de los 30 alumnos como de los monitores que trabajan en ella.<br \/>\n     Como ha detallado el edil de Educaci\u00f3n, Jos\u00e9 Miguel Ba\u00f1uls, la actuaci\u00f3n se ha centrado en acondicionar 50 metros cuadrados para uso l\u00fadico de los peque\u00f1os, un espacio en el que se ha colocado suelo de caucho para evitar que se hagan da\u00f1o.<br \/>\n    \u00abAdem\u00e1s, se han vallado otros 250 metros cuadrados en los que podr\u00e1n disfrutar de juegos y dem\u00e1s actividades, favoreciendo as\u00ed el control de los monitores. Se evita que los ni\u00f1os puedan dispersarse por otras zonas del recinto o incluso extraviarse\u00bb, como ha detallado el concejal.<br \/>\nEl coste total de la actuaci\u00f3n es de aproximadamente 3.500 euros. De ellos, dos tercios ser\u00e1n abonados por el consistorio y el tercio que resta por la empresa Gateos con la que colabora el ente municipal.<br \/>\n\u00abEra una actuaci\u00f3n necesaria de la que se van a beneficiar los alumnos de Alborache, Macastre y Y\u00e1tova que a d\u00eda de hoy forman parte de la Escuela Municipal\u00bb, ha afirmado el edil. <\/p>\n","protected":false},"excerpt":{"rendered":"<div class=\"mh-excerpt\">Como anticip\u00f3 este semanario en su edici\u00f3n impresa, el Ayuntamiento de Alborache ha decidido actuar en las instalaciones en las que se ubica la Escuela Municipal Infantil al objeto de mejorar la calidad educativa tanto <a class=\"mh-excerpt-more\" href=\"https:\/\/www.tucomarca.com\/wordpress\/segunda\/la-concejalia-de-educacion-de-alborache-acondiciona-el-area-ludica-de-la-escuela-municipal-infantil\/\" title=\"La concejal\u00eda de Educaci\u00f3n de Alborache acondiciona el \u00e1rea l\u00fadica de la Escuela Municipal Infantil\">[+] <\/a><\/div>\n","protected":false},"author":2,"featured_media":27556,"comment_status":"open","ping_status":"open","sticky":false,"template":"","format":"standard","meta":{"footnotes":""},"categories":[19,128,8,10,3],"tags":[1860,10386,4547,4548],"class_list":{"0":"post-27555","1":"post","2":"type-post","3":"status-publish","4":"format-standard","5":"has-post-thumbnail","7":"category-alborache","8":"category-infraestructuras","9":"category-la-comarca","10":"category-la-hoya","11":"category-seccion","12":"tag-acondicionamiento","13":"tag-alborache","14":"tag-concejalia-educacion","15":"tag-escuela-municipal-infantil"},"_links":{"self":[{"href":"https:\/\/www.tucomarca.com\/wordpress\/segunda\/wp-json\/wp\/v2\/posts\/27555","targetHints":{"allow":["GET"]}}],"collection":[{"href":"https:\/\/www.tucomarca.com\/wordpress\/segunda\/wp-json\/wp\/v2\/posts"}],"about":[{"href":"https:\/\/www.tucomarca.com\/wordpress\/segunda\/wp-json\/wp\/v2\/types\/post"}],"author":[{"embeddable":true,"href":"https:\/\/www.tucomarca.com\/wordpress\/segunda\/wp-json\/wp\/v2\/users\/2"}],"replies":[{"embeddable":true,"href":"https:\/\/www.tucomarca.com\/wordpress\/segunda\/wp-json\/wp\/v2\/comments?post=27555"}],"version-history":[{"count":0,"href":"https:\/\/www.tucomarca.com\/wordpress\/segunda\/wp-json\/wp\/v2\/posts\/27555\/revisions"}],"wp:featuredmedia":[{"embeddable":true,"href":"https:\/\/www.tucomarca.com\/wordpress\/segunda\/wp-json\/wp\/v2\/media\/27556"}],"wp:attachment":[{"href":"https:\/\/www.tucomarca.com\/wordpress\/segunda\/wp-json\/wp\/v2\/media?parent=27555"}],"wp:term":[{"taxonomy":"category","embeddable":true,"href":"https:\/\/www.tucomarca.com\/wordpress\/segunda\/wp-json\/wp\/v2\/categories?post=27555"},{"taxonomy":"post_tag","embeddable":true,"href":"https:\/\/www.tucomarca.com\/wordpress\/segunda\/wp-json\/wp\/v2\/tags?post=27555"}],"curies":[{"name":"wp","href":"https:\/\/api.w.org\/{rel}","templated":true}]}}