{"id":275562,"date":"2025-08-14T08:00:00","date_gmt":"2025-08-14T06:00:00","guid":{"rendered":"https:\/\/www.tucomarca.com\/wordpress\/segunda\/?p=275562"},"modified":"2025-08-15T09:53:18","modified_gmt":"2025-08-15T07:53:18","slug":"300-musicos-se-preparan-bajo-la-luz-de-bunol-para-la-50a-edicion-del-concierto-mano-a-mano","status":"publish","type":"post","link":"https:\/\/www.tucomarca.com\/wordpress\/segunda\/300-musicos-se-preparan-bajo-la-luz-de-bunol-para-la-50a-edicion-del-concierto-mano-a-mano\/","title":{"rendered":"300 m\u00fasicos se preparan bajo la luz de Bu\u00f1ol para la 50\u00aa edici\u00f3n del Concierto &#8216;Mano a mano&#8217;"},"content":{"rendered":"\n<h3 class=\"wp-block-heading\">El Auditorio de San Luis acoger\u00e1 este s\u00e1bado 16 de agosto a las 22,30 h la cita musical m\u00e1s emblem\u00e1tica de la localidad.<\/h3>\n\n\n\n<p>La localidad de Bu\u00f1ol respira ya la m\u00fasica del Mano a Mano 2025, y los \u00faltimos d\u00edas han estado marcados por los ensayos nocturnos que ultiman los detalles de la 50\u00aa edici\u00f3n de este emblem\u00e1tico concierto. M\u00e1s de 300 m\u00fasicos del CIM \u00abLa Arm\u00f3nica\u00bb y la SM \u00abLa Art\u00edstica\u00bb afinan sus instrumentos y se preparan para ofrecer una noche hist\u00f3rica este s\u00e1bado 16 de agosto a las 22,30 horas en el Auditorio de San Luis.<\/p>\n\n\n\n<figure class=\"wp-block-image size-large\"><img loading=\"lazy\" decoding=\"async\" width=\"1024\" height=\"682\" src=\"https:\/\/www.tucomarca.com\/wordpress\/segunda\/wp-content\/uploads\/2025\/08\/MaM23_LaArtistica-1024x682.jpg\" alt=\"\" class=\"wp-image-275568\" srcset=\"https:\/\/www.tucomarca.com\/wordpress\/segunda\/wp-content\/uploads\/2025\/08\/MaM23_LaArtistica-1024x682.jpg 1024w, https:\/\/www.tucomarca.com\/wordpress\/segunda\/wp-content\/uploads\/2025\/08\/MaM23_LaArtistica-300x200.jpg 300w, https:\/\/www.tucomarca.com\/wordpress\/segunda\/wp-content\/uploads\/2025\/08\/MaM23_LaArtistica-768x512.jpg 768w, https:\/\/www.tucomarca.com\/wordpress\/segunda\/wp-content\/uploads\/2025\/08\/MaM23_LaArtistica.jpg 1181w\" sizes=\"auto, (max-width: 1024px) 100vw, 1024px\" \/><\/figure>\n\n\n\n<p>Durante las \u00faltimas semanas, \u00abLa Arm\u00f3nica\u00bb ha concentrado sus ensayos con su director Sa\u00fcl G\u00f3mez en los Jardines de la Arm\u00f3nica, conocidos como Viach\u00e9n, que se llenan cada noche de melod\u00edas y de la energ\u00eda de \u201c<em>El Litro<\/em>\u201d preparando el gran concierto. \u00abLa Art\u00edstica\u00bb ha trabajado en el Colegio P\u00fablico San Luis, poniendo a punto un repertorio dirigido por Mario Ortu\u00f1o que mezcla la tradici\u00f3n, emoci\u00f3n y excelencia musical que define a \u201c<em>Los Feos<\/em>\u201d. Cada noche de ensayo refleja la intensidad y la pasi\u00f3n con la que ambas bandas afrontan esta cita, que tendr\u00e1 su c\u00faspide en un duelo simb\u00f3lico sin jurado oficial.<\/p>\n\n\n\n<p>La alcaldesa de Bu\u00f1ol, Virginia Sanz, subraya la importancia de esta preparaci\u00f3n: \u201cVer a los m\u00fasicos ensayar con tanta dedicaci\u00f3n y emoci\u00f3n es una antesala perfecta para un concierto que ya forma parte de nuestra identidad. Cada ensayo nos recuerda que el Mano a Mano no es solo un concierto, es la m\u00fasica que une a todo un pueblo\u201d.<\/p>\n\n\n\n<p>Por su parte, la concejala de Cultura, Tamara D\u00edaz, destaca el valor de estos d\u00edas previos: \u201cLas semanas de ensayos reflejan el esfuerzo de cada m\u00fasico y la ilusi\u00f3n de un pueblo entero. El Mano a Mano es un encuentro \u00fanico y ver c\u00f3mo los preparativos cobran vida en Bu\u00f1ol hace que la espera hasta el s\u00e1bado sea todav\u00eda m\u00e1s especial\u201d.<\/p>\n\n\n\n<p>El concierto abrir\u00e1 con \u00abLa Arm\u00f3nica\u00bb, que interpretar\u00e1 el programa <em>El dolor a trav\u00e9s de la m\u00fasica<\/em>, y cerrar\u00e1 \u00abLa Art\u00edstica\u00bb con <em>Metamorfosis<\/em>, bajo la batuta del presidente de honor, el reconocido compositor \u00d3scar Navarro, siguiendo la tradici\u00f3n de culminar la noche con el Himno a Bu\u00f1ol.<\/p>\n\n\n\n<p>Con menos de 72 horas para el gran d\u00eda, Bu\u00f1ol se prepara para vivir una velada cargada de emoci\u00f3n, talento y patrimonio musical, consolidando al Mano a Mano como uno de los eventos m\u00e1s esperados del verano en la Comunitat Valenciana.<\/p>\n","protected":false},"excerpt":{"rendered":"<div class=\"mh-excerpt\">El Auditorio de San Luis acoger\u00e1 este s\u00e1bado 16 de agosto a las 22,30 h la cita musical m\u00e1s emblem\u00e1tica de la localidad. La localidad de Bu\u00f1ol respira ya la m\u00fasica del Mano a Mano <a class=\"mh-excerpt-more\" href=\"https:\/\/www.tucomarca.com\/wordpress\/segunda\/300-musicos-se-preparan-bajo-la-luz-de-bunol-para-la-50a-edicion-del-concierto-mano-a-mano\/\" title=\"300 m\u00fasicos se preparan bajo la luz de Bu\u00f1ol para la 50\u00aa edici\u00f3n del Concierto &#8216;Mano a mano&#8217;\">[+] <\/a><\/div>\n","protected":false},"author":12,"featured_media":275566,"comment_status":"open","ping_status":"open","sticky":false,"template":"","format":"standard","meta":{"footnotes":""},"categories":[18,66,8,10,7,3,45],"tags":[10385,5952,22838],"class_list":{"0":"post-275562","1":"post","2":"type-post","3":"status-publish","4":"format-standard","5":"has-post-thumbnail","7":"category-bunol","8":"category-musica","9":"category-la-comarca","10":"category-la-hoya","11":"category-ocio-y-cultura","12":"category-seccion","13":"category-ventana","14":"tag-bunol","15":"tag-la-hoya-de-bunol-chiva","16":"tag-mano-a-mano-2025"},"_links":{"self":[{"href":"https:\/\/www.tucomarca.com\/wordpress\/segunda\/wp-json\/wp\/v2\/posts\/275562","targetHints":{"allow":["GET"]}}],"collection":[{"href":"https:\/\/www.tucomarca.com\/wordpress\/segunda\/wp-json\/wp\/v2\/posts"}],"about":[{"href":"https:\/\/www.tucomarca.com\/wordpress\/segunda\/wp-json\/wp\/v2\/types\/post"}],"author":[{"embeddable":true,"href":"https:\/\/www.tucomarca.com\/wordpress\/segunda\/wp-json\/wp\/v2\/users\/12"}],"replies":[{"embeddable":true,"href":"https:\/\/www.tucomarca.com\/wordpress\/segunda\/wp-json\/wp\/v2\/comments?post=275562"}],"version-history":[{"count":0,"href":"https:\/\/www.tucomarca.com\/wordpress\/segunda\/wp-json\/wp\/v2\/posts\/275562\/revisions"}],"wp:featuredmedia":[{"embeddable":true,"href":"https:\/\/www.tucomarca.com\/wordpress\/segunda\/wp-json\/wp\/v2\/media\/275566"}],"wp:attachment":[{"href":"https:\/\/www.tucomarca.com\/wordpress\/segunda\/wp-json\/wp\/v2\/media?parent=275562"}],"wp:term":[{"taxonomy":"category","embeddable":true,"href":"https:\/\/www.tucomarca.com\/wordpress\/segunda\/wp-json\/wp\/v2\/categories?post=275562"},{"taxonomy":"post_tag","embeddable":true,"href":"https:\/\/www.tucomarca.com\/wordpress\/segunda\/wp-json\/wp\/v2\/tags?post=275562"}],"curies":[{"name":"wp","href":"https:\/\/api.w.org\/{rel}","templated":true}]}}