{"id":27559,"date":"2014-05-29T11:15:44","date_gmt":"2014-05-29T08:15:44","guid":{"rendered":"http:\/\/www.tucomarca.com\/wordpress\/segunda\/?p=27559"},"modified":"2014-05-29T11:15:47","modified_gmt":"2014-05-29T08:15:47","slug":"el-valencia-cf-gana-la-lfp-world-challenge","status":"publish","type":"post","link":"https:\/\/www.tucomarca.com\/wordpress\/segunda\/el-valencia-cf-gana-la-lfp-world-challenge\/","title":{"rendered":"El Valencia CF gana la LFP World Challenge"},"content":{"rendered":"<p><figure id=\"attachment_27560\" aria-describedby=\"caption-attachment-27560\" style=\"width: 300px\" class=\"wp-caption alignleft\"><a href=\"https:\/\/www.tucomarca.com\/wordpress\/segunda\/2014\/05\/el-valencia-cf-gana-la-lfp-world-challenge\/vcf-lfp-wc\/\" rel=\"attachment wp-att-27560\"><img loading=\"lazy\" decoding=\"async\" src=\"https:\/\/www.tucomarca.com\/wordpress\/segunda\/wp-content\/uploads\/2014\/05\/VCF-LFP-WC-300x168.jpg\" alt=\"\" title=\"VCF LFP WC\" width=\"300\" height=\"168\" class=\"size-medium wp-image-27560\" srcset=\"https:\/\/www.tucomarca.com\/wordpress\/segunda\/wp-content\/uploads\/2014\/05\/VCF-LFP-WC-300x168.jpg 300w, https:\/\/www.tucomarca.com\/wordpress\/segunda\/wp-content\/uploads\/2014\/05\/VCF-LFP-WC.jpg 599w\" sizes=\"auto, (max-width: 300px) 100vw, 300px\" \/><\/a><figcaption id=\"caption-attachment-27560\" class=\"wp-caption-text\">Los jugadores del Valencia durante la entrega de premios. tc.c<\/figcaption><\/figure>Como ya anunciamos, el Valencia ha jugado un triangular en el que ha compartido protagonismo con el Hong Kong Rangers y el Villareal CF.<br \/>\nEl primer duelo se finaliz\u00f3 con un resultado de 1-3 a favor de los valencianistas, quienes se impusieron a los anfitriones. A destacar el debur de Rober, Portu, Vinicius -titular-  y otros jugadores que han demostrado tener un gran potencial. El primer tanto lo anot\u00f3 Vinicius de cabeza tras una mala salida del meta Chino y su central diestro. V\u00edctor Ruiz aprovech\u00f3 el error para servir el gol en bandeja al delantero centro para s\u00f3lo tuviera que empujar el esf\u00e9rico con la cabeza.<br \/>\nEl segundo tanto lleg\u00f3 tras varios malos rechaces de la defensa local. Dani Parejo logr\u00f3 empujar el bal\u00f3n desde el \u00e1rea grande fuera del alcance de la defensa y el portero. Poco despu\u00e9s, un jugador del Hong Kong, tras un c\u00f3rner rechazado golpea con la cabeza un bal\u00f3n que Bernat acaba meti\u00e9ndolo en propia porter\u00eda al intentar despejar sin que Alves pudiese hacer nada.<br \/>\nY el tercer gol, rectifico&#8230;GOLAZO, fue una obra maestra de Paco Alc\u00e1cer, quien tras una asistencia bien hecha por Ar\u00e1ujo desde fuera del \u00e1rea grande y con su pierna mala -la izquierda- consigue mandar el bal\u00f3n a la red, como se suele decir, &#8216;quitando las telara\u00f1as de la escuadra&#8217;, un aut\u00e9ntico golazo.<br \/>\nDe esta forma el Valencia CF sumaba 6 puntos y le tocaba enfrentarse al vecino, el Villareal.<br \/>\nEn esta &#8216;final&#8217;, el Valencia lograba volver a sumar los 4 puntos -3 mas el gol- en una jugaba \u00abinpropia de un amistoso\u00bb, en el cual Cala, defensor del Villareal, tras verse superado por Alc\u00e1cer, decide lanzarse a los pies del de Torrent y el colegiado se\u00f1ala pena m\u00e1xima y cartulina roja.<br \/>\nAlc\u00e1cer bate al meta &#8216;groguet&#8217; y de esta forma consigue que su equipo sume la victoria final.<br \/>\nAl final del torneo, el Valencia recibi\u00f3 el trofeo y Amadeo Salvo-presidente de la entidad ch\u00e9- una insignia. Tambi\u00e9n los aficionados residente en el pa\u00eds asi\u00e1tico se hicieron una foto para el recuerdo.<br \/>\nYa que es importante debemos informar que el acuerdo Peter Lim-Bankia est\u00e1 casi resuelto y se puede hacer oficial en las pr\u00f3ximas horas. De ser as\u00ed, lo publicaremos en breve. Informa Ra\u00fal Miralles(@raulmks).<\/p>\n","protected":false},"excerpt":{"rendered":"<div class=\"mh-excerpt\">Como ya anunciamos, el Valencia ha jugado un triangular en el que ha compartido protagonismo con el Hong Kong Rangers y el Villareal CF. El primer duelo se finaliz\u00f3 con un resultado de 1-3 a <a class=\"mh-excerpt-more\" href=\"https:\/\/www.tucomarca.com\/wordpress\/segunda\/el-valencia-cf-gana-la-lfp-world-challenge\/\" title=\"El Valencia CF gana la LFP World Challenge\">[+] <\/a><\/div>\n","protected":false},"author":2,"featured_media":27560,"comment_status":"open","ping_status":"open","sticky":false,"template":"","format":"standard","meta":{"footnotes":""},"categories":[3358],"tags":[4520,935,4550,1810,4549],"class_list":{"0":"post-27559","1":"post","2":"type-post","3":"status-publish","4":"format-standard","5":"has-post-thumbnail","7":"category-canal-valencia-cf","8":"tag-hong-kong","9":"tag-torneo","10":"tag-triangular","11":"tag-valencia-cf","12":"tag-vence"},"_links":{"self":[{"href":"https:\/\/www.tucomarca.com\/wordpress\/segunda\/wp-json\/wp\/v2\/posts\/27559","targetHints":{"allow":["GET"]}}],"collection":[{"href":"https:\/\/www.tucomarca.com\/wordpress\/segunda\/wp-json\/wp\/v2\/posts"}],"about":[{"href":"https:\/\/www.tucomarca.com\/wordpress\/segunda\/wp-json\/wp\/v2\/types\/post"}],"author":[{"embeddable":true,"href":"https:\/\/www.tucomarca.com\/wordpress\/segunda\/wp-json\/wp\/v2\/users\/2"}],"replies":[{"embeddable":true,"href":"https:\/\/www.tucomarca.com\/wordpress\/segunda\/wp-json\/wp\/v2\/comments?post=27559"}],"version-history":[{"count":0,"href":"https:\/\/www.tucomarca.com\/wordpress\/segunda\/wp-json\/wp\/v2\/posts\/27559\/revisions"}],"wp:featuredmedia":[{"embeddable":true,"href":"https:\/\/www.tucomarca.com\/wordpress\/segunda\/wp-json\/wp\/v2\/media\/27560"}],"wp:attachment":[{"href":"https:\/\/www.tucomarca.com\/wordpress\/segunda\/wp-json\/wp\/v2\/media?parent=27559"}],"wp:term":[{"taxonomy":"category","embeddable":true,"href":"https:\/\/www.tucomarca.com\/wordpress\/segunda\/wp-json\/wp\/v2\/categories?post=27559"},{"taxonomy":"post_tag","embeddable":true,"href":"https:\/\/www.tucomarca.com\/wordpress\/segunda\/wp-json\/wp\/v2\/tags?post=27559"}],"curies":[{"name":"wp","href":"https:\/\/api.w.org\/{rel}","templated":true}]}}