{"id":275605,"date":"2025-08-14T08:15:00","date_gmt":"2025-08-14T06:15:00","guid":{"rendered":"https:\/\/www.tucomarca.com\/wordpress\/segunda\/?p=275605"},"modified":"2025-08-14T21:07:17","modified_gmt":"2025-08-14T19:07:17","slug":"bunol-da-el-pistoletazo-de-salida-este-viernes-a-su-feria-y-fiestas-2025","status":"publish","type":"post","link":"https:\/\/www.tucomarca.com\/wordpress\/segunda\/bunol-da-el-pistoletazo-de-salida-este-viernes-a-su-feria-y-fiestas-2025\/","title":{"rendered":"Bu\u00f1ol da el pistoletazo de salida este viernes a su Feria y Fiestas 2025"},"content":{"rendered":"\n<p>La Feria y Fiestas de Bu\u00f1ol 2025 arrancan este viernes, 13 de agosto, con uno de sus actos m\u00e1s esperados: la presentaci\u00f3n oficial de <strong>Carmen Al\u00eds Marzal<\/strong> como Reina de la Feria y Fiestas de Bu\u00f1ol. El acto se celebrar\u00e1 en el auditorio al aire libre de la localidad a partir de las 23:00 horas, momento en el que la nueva reina recibir\u00e1 su corona de manos del actual Rey de las Fiestas, <strong>Yeray Ruiz Celda<\/strong>.<\/p>\n\n\n\n<p>El s\u00e1bado 16, el protagonismo ser\u00e1 para el prestigioso <strong>Concierto Mano a Mano<\/strong>, que este a\u00f1o celebra su <strong>50\u00aa edici\u00f3n<\/strong>. El CIM \u00ab<em>La Arm\u00f3nica<\/em>\u00bb y la SM \u00ab<em>La Art\u00edstica<\/em>\u00bb se medir\u00e1n en un duelo simb\u00f3lico cargado de talento, tradici\u00f3n y emoci\u00f3n, consolidado ya como un referente cultural y musical en la Comunitat Valenciana. Las \u00faltimas entradas para este evento pueden adquirirse hoy, viernes 13, en la Sala El Mercado de 19:00 a 21:00 horas.<\/p>\n\n\n\n<p>Tras el concierto, la fiesta continuar\u00e1 en la Plaza del Pueblo con una <strong>dism\u00f3vil<\/strong> dedicada especialmente a todos los m\u00fasicos de Bu\u00f1ol.<\/p>\n\n\n\n<p>El domingo 17, a las 20:30 horas, el Auditorio de San Luis volver\u00e1 a ser escenario de un acto destacado: la proclamaci\u00f3n de las <strong>nuevas falleras mayores<\/strong> de las distintas comisiones para el a\u00f1o 2026.<\/p>\n\n\n\n<p>Bu\u00f1ol se prepara as\u00ed para un fin de semana repleto de m\u00fasica, tradici\u00f3n y celebraciones que marcan el inicio oficial de su Feria y Fiestas.<\/p>\n","protected":false},"excerpt":{"rendered":"<div class=\"mh-excerpt\">La Feria y Fiestas de Bu\u00f1ol 2025 arrancan este viernes, 13 de agosto, con uno de sus actos m\u00e1s esperados: la presentaci\u00f3n oficial de Carmen Al\u00eds Marzal como Reina de la Feria y Fiestas de <a class=\"mh-excerpt-more\" href=\"https:\/\/www.tucomarca.com\/wordpress\/segunda\/bunol-da-el-pistoletazo-de-salida-este-viernes-a-su-feria-y-fiestas-2025\/\" title=\"Bu\u00f1ol da el pistoletazo de salida este viernes a su Feria y Fiestas 2025\">[+] <\/a><\/div>\n","protected":false},"author":12,"featured_media":233176,"comment_status":"open","ping_status":"open","sticky":false,"template":"","format":"standard","meta":{"footnotes":""},"categories":[4,18,8,10,7,3],"tags":[10385,22918,5952],"class_list":{"0":"post-275605","1":"post","2":"type-post","3":"status-publish","4":"format-standard","5":"has-post-thumbnail","7":"category-agenda","8":"category-bunol","9":"category-la-comarca","10":"category-la-hoya","11":"category-ocio-y-cultura","12":"category-seccion","13":"tag-bunol","14":"tag-feria-y-fiestas-de-bunol-2025","15":"tag-la-hoya-de-bunol-chiva"},"_links":{"self":[{"href":"https:\/\/www.tucomarca.com\/wordpress\/segunda\/wp-json\/wp\/v2\/posts\/275605","targetHints":{"allow":["GET"]}}],"collection":[{"href":"https:\/\/www.tucomarca.com\/wordpress\/segunda\/wp-json\/wp\/v2\/posts"}],"about":[{"href":"https:\/\/www.tucomarca.com\/wordpress\/segunda\/wp-json\/wp\/v2\/types\/post"}],"author":[{"embeddable":true,"href":"https:\/\/www.tucomarca.com\/wordpress\/segunda\/wp-json\/wp\/v2\/users\/12"}],"replies":[{"embeddable":true,"href":"https:\/\/www.tucomarca.com\/wordpress\/segunda\/wp-json\/wp\/v2\/comments?post=275605"}],"version-history":[{"count":0,"href":"https:\/\/www.tucomarca.com\/wordpress\/segunda\/wp-json\/wp\/v2\/posts\/275605\/revisions"}],"wp:featuredmedia":[{"embeddable":true,"href":"https:\/\/www.tucomarca.com\/wordpress\/segunda\/wp-json\/wp\/v2\/media\/233176"}],"wp:attachment":[{"href":"https:\/\/www.tucomarca.com\/wordpress\/segunda\/wp-json\/wp\/v2\/media?parent=275605"}],"wp:term":[{"taxonomy":"category","embeddable":true,"href":"https:\/\/www.tucomarca.com\/wordpress\/segunda\/wp-json\/wp\/v2\/categories?post=275605"},{"taxonomy":"post_tag","embeddable":true,"href":"https:\/\/www.tucomarca.com\/wordpress\/segunda\/wp-json\/wp\/v2\/tags?post=275605"}],"curies":[{"name":"wp","href":"https:\/\/api.w.org\/{rel}","templated":true}]}}