{"id":27566,"date":"2014-05-29T12:18:06","date_gmt":"2014-05-29T09:18:06","guid":{"rendered":"http:\/\/www.tucomarca.com\/wordpress\/segunda\/?p=27566"},"modified":"2014-05-29T12:18:09","modified_gmt":"2014-05-29T09:18:09","slug":"el-alcalde-de-requena-se-reune-con-las-familias-afectadas-por-el-expediente-abierto-por-educacion","status":"publish","type":"post","link":"https:\/\/www.tucomarca.com\/wordpress\/segunda\/el-alcalde-de-requena-se-reune-con-las-familias-afectadas-por-el-expediente-abierto-por-educacion\/","title":{"rendered":"El alcalde de Requena se re\u00fane con las familias afectadas por el expediente abierto por Educaci\u00f3n"},"content":{"rendered":"<p><figure id=\"attachment_27567\" aria-describedby=\"caption-attachment-27567\" style=\"width: 300px\" class=\"wp-caption alignleft\"><a href=\"https:\/\/www.tucomarca.com\/wordpress\/segunda\/2014\/05\/el-alcalde-de-requena-se-reune-con-las-familias-afectadas-por-el-expediente-abierto-por-educacion\/reunion-familias\/\" rel=\"attachment wp-att-27567\"><img loading=\"lazy\" decoding=\"async\" src=\"https:\/\/www.tucomarca.com\/wordpress\/segunda\/wp-content\/uploads\/2014\/05\/Reunion-familias-300x168.jpg\" alt=\"\" title=\"Reunion familias\" width=\"300\" height=\"168\" class=\"size-medium wp-image-27567\" srcset=\"https:\/\/www.tucomarca.com\/wordpress\/segunda\/wp-content\/uploads\/2014\/05\/Reunion-familias-300x168.jpg 300w, https:\/\/www.tucomarca.com\/wordpress\/segunda\/wp-content\/uploads\/2014\/05\/Reunion-familias-1024x575.jpg 1024w, https:\/\/www.tucomarca.com\/wordpress\/segunda\/wp-content\/uploads\/2014\/05\/Reunion-familias.jpg 1065w\" sizes=\"auto, (max-width: 300px) 100vw, 300px\" \/><\/a><figcaption id=\"caption-attachment-27567\" class=\"wp-caption-text\">Reuni\u00f3n del alcalde con las familias afectadas. tc.c<\/figcaption><\/figure>Este mi\u00e9rcoles, el primer teniente de alcalde del Ayuntamiento de Requena, Javier Valle, ha mantenido una reuni\u00f3n con las familias afectadas por el expediente abierto por la Conselleria de Educaci\u00f3n a los centros docentes privados que atienden a ni\u00f1os y ni\u00f1as de entre uno y tres a\u00f1os en nuestro municipio. A esta reuni\u00f3n tambi\u00e9n han asistido la concejal de Educaci\u00f3n, Ana Valle, y la responsable del Gabinete Psicopedag\u00f3gico Municipal, Rosa Cervera. En la misma las familias afectadas han hecho entrega a los responsable municipales de las firmas recogidas.<\/p>\n<p>En relaci\u00f3n a esta situaci\u00f3n, desde el M.I. Ayuntamiento de Requena se quiere se\u00f1alar que:<\/p>\n<p>1) Desde la publicaci\u00f3n de L.O.E. en 2006 el derecho a la educaci\u00f3n formal comienza desde el mismo nacimiento del beb\u00e9, de tal forma que los centros que atienden a ni\u00f1os que se encuentran entre cero y tres a\u00f1os han de ser regularizados y han de cumplir unos requisitos m\u00ednimos. A partir de este momento son las administraciones educativas las que regulan la educaci\u00f3n infantil en su primer ciclo. De esta forma,  los centros depender\u00e1n de la autorizaci\u00f3n de la Conselleria de Educaci\u00f3n para impartir el Primer Ciclo de Educaci\u00f3n Infantil.<\/p>\n<p>2) El 14 de enero de 2009 se publica en el D.O.G.V. el Decreto 2\/2009, de 9 de enero, del Consell, por el que se establecen los requisitos m\u00ednimos que deben cumplir los centros que imparten el Primer Ciclo de la Educaci\u00f3n Infantil en la Comunitat Valenciana. En ese Decreto se estable tanto las instalaciones de los centros como las titulaciones de los profesionales que han de atender a estos ni\u00f1os y el n\u00famero de alumnos por aula. En este Decreto desde la Conselleria de Educaci\u00f3n se da un plazo de tres a\u00f1os a los centros que no cumplan los estos requisitos para adaptarse a la nueva normativa.<\/p>\n<p>3) El pasado mes de febrero la Conselleria de Educaci\u00f3n recibi\u00f3 un escrito en el que se informaba de que en determinados centros se podr\u00eda estar llevando a cabo una actividad educativa con ni\u00f1os y ni\u00f1as de entre uno y tres a\u00f1os sin la preceptiva autorizaci\u00f3n.<\/p>\n<p>4) En ese momento la Conselleria de Educaci\u00f3n considera necesaria la supervisi\u00f3n de estos centros por el inspector de educaci\u00f3n de zona y, al comprobar que se est\u00e1 llevando a cabo una actividad educativa, se insta a los centros afectados a que regularicen su situaci\u00f3n solicitando la pertinente autorizaci\u00f3n, as\u00ed como a que adecuen sus instalaciones y personal a la legislaci\u00f3n vigente<\/p>\n<p>5) Desde la concejal\u00eda de Educaci\u00f3n del M.I. Ayuntamiento de Requena se ha trabajado para que ninguna familia tenga problemas para poder conciliar la vida laboral y personal si las Escuelas Infantiles Municipales, \u00fanicos centros autorizados en nuestro municipio, no contaran con plazas suficientes para atender la demanda el pr\u00f3ximo curso 2014\/2015.<\/p>\n","protected":false},"excerpt":{"rendered":"<div class=\"mh-excerpt\">Este mi\u00e9rcoles, el primer teniente de alcalde del Ayuntamiento de Requena, Javier Valle, ha mantenido una reuni\u00f3n con las familias afectadas por el expediente abierto por la Conselleria de Educaci\u00f3n a los centros docentes privados <a class=\"mh-excerpt-more\" href=\"https:\/\/www.tucomarca.com\/wordpress\/segunda\/el-alcalde-de-requena-se-reune-con-las-familias-afectadas-por-el-expediente-abierto-por-educacion\/\" title=\"El alcalde de Requena se re\u00fane con las familias afectadas por el expediente abierto por Educaci\u00f3n\">[+] <\/a><\/div>\n","protected":false},"author":2,"featured_media":27567,"comment_status":"open","ping_status":"open","sticky":false,"template":"","format":"standard","meta":{"footnotes":""},"categories":[8,28,27,3],"tags":[968,1115,75,3493,4551,10388,967],"class_list":{"0":"post-27566","1":"post","2":"type-post","3":"status-publish","4":"format-standard","5":"has-post-thumbnail","7":"category-la-comarca","8":"category-requena","9":"category-requena-utiel","10":"category-seccion","11":"tag-alcalde","12":"tag-ayuntamiento","13":"tag-educacion","14":"tag-expediente","15":"tag-familias-afectadas","16":"tag-requena","17":"tag-reunion"},"_links":{"self":[{"href":"https:\/\/www.tucomarca.com\/wordpress\/segunda\/wp-json\/wp\/v2\/posts\/27566","targetHints":{"allow":["GET"]}}],"collection":[{"href":"https:\/\/www.tucomarca.com\/wordpress\/segunda\/wp-json\/wp\/v2\/posts"}],"about":[{"href":"https:\/\/www.tucomarca.com\/wordpress\/segunda\/wp-json\/wp\/v2\/types\/post"}],"author":[{"embeddable":true,"href":"https:\/\/www.tucomarca.com\/wordpress\/segunda\/wp-json\/wp\/v2\/users\/2"}],"replies":[{"embeddable":true,"href":"https:\/\/www.tucomarca.com\/wordpress\/segunda\/wp-json\/wp\/v2\/comments?post=27566"}],"version-history":[{"count":0,"href":"https:\/\/www.tucomarca.com\/wordpress\/segunda\/wp-json\/wp\/v2\/posts\/27566\/revisions"}],"wp:featuredmedia":[{"embeddable":true,"href":"https:\/\/www.tucomarca.com\/wordpress\/segunda\/wp-json\/wp\/v2\/media\/27567"}],"wp:attachment":[{"href":"https:\/\/www.tucomarca.com\/wordpress\/segunda\/wp-json\/wp\/v2\/media?parent=27566"}],"wp:term":[{"taxonomy":"category","embeddable":true,"href":"https:\/\/www.tucomarca.com\/wordpress\/segunda\/wp-json\/wp\/v2\/categories?post=27566"},{"taxonomy":"post_tag","embeddable":true,"href":"https:\/\/www.tucomarca.com\/wordpress\/segunda\/wp-json\/wp\/v2\/tags?post=27566"}],"curies":[{"name":"wp","href":"https:\/\/api.w.org\/{rel}","templated":true}]}}