{"id":27593,"date":"2014-05-29T19:55:08","date_gmt":"2014-05-29T16:55:08","guid":{"rendered":"http:\/\/www.tucomarca.com\/wordpress\/segunda\/?p=27593"},"modified":"2014-05-29T19:55:12","modified_gmt":"2014-05-29T16:55:12","slug":"se-presentan-las-rutas-escolares-seguras-creadas-por-el-ayuntamiento-de-la-pobla-de-vallbona","status":"publish","type":"post","link":"https:\/\/www.tucomarca.com\/wordpress\/segunda\/se-presentan-las-rutas-escolares-seguras-creadas-por-el-ayuntamiento-de-la-pobla-de-vallbona\/","title":{"rendered":"Se presentan las rutas escolares seguras creadas por el Ayuntamiento de La Pobla de Vallbona"},"content":{"rendered":"<p><figure id=\"attachment_27596\" aria-describedby=\"caption-attachment-27596\" style=\"width: 300px\" class=\"wp-caption alignleft\"><a href=\"https:\/\/www.tucomarca.com\/wordpress\/segunda\/2014\/05\/se-presentan-las-rutas-escolares-seguras-creadas-por-el-ayuntamiento-de-la-pobla-de-vallbona\/presentacion-anem-la-pobla-de-vallbona\/\" rel=\"attachment wp-att-27596\"><img loading=\"lazy\" decoding=\"async\" src=\"https:\/\/www.tucomarca.com\/wordpress\/segunda\/wp-content\/uploads\/2014\/05\/PRESENTACION-ANEM-LA-POBLA-DE-VALLBONA-300x236.jpg\" alt=\"\" title=\"PRESENTACION-ANEM-LA-POBLA-DE-VALLBONA\" width=\"300\" height=\"236\" class=\"size-medium wp-image-27596\" srcset=\"https:\/\/www.tucomarca.com\/wordpress\/segunda\/wp-content\/uploads\/2014\/05\/PRESENTACION-ANEM-LA-POBLA-DE-VALLBONA-300x236.jpg 300w, https:\/\/www.tucomarca.com\/wordpress\/segunda\/wp-content\/uploads\/2014\/05\/PRESENTACION-ANEM-LA-POBLA-DE-VALLBONA-1024x808.jpg 1024w\" sizes=\"auto, (max-width: 300px) 100vw, 300px\" \/><\/a><figcaption id=\"caption-attachment-27596\" class=\"wp-caption-text\">La iniciativa ha tenido una gran acogida. tc.c<\/figcaption><\/figure>El Ayuntamiento de la Pobla de Vallbona ha empezado a presentar a los colegios las rutas escolares que ha creado para el pr\u00f3ximo curso, y que tienen por objetivo fomentar los traslados diarios de casa al colegio y del colegio a casa de manera no motorizada y aut\u00f3noma. Es el proyecto \u2018ANEM!\u2019, que engloba una serie de rutas seguras organizadas para ir andando al centro escolar.<br \/>\nEstas rutas se conciben como una alternativa m\u00e1s al transporte escolar. En este sentido el Ayuntamiento no solamente mantiene el servicio de autobuses escolares como en este presente curso, sino que adem\u00e1s ampl\u00eda las opciones de los alumnos y sus familias.<br \/>\nEl proyecto piloto ANEM! inicia su implantaci\u00f3n el pr\u00f3ximo curso escolar 2014\/2015. Contempla rutas seguras, con unos itinerarios prefijados y se\u00f1alizados, a las que puedan unirse los escolares en los puntos de encuentro y, en grupo, caminar juntos hasta sus centros escolares y desde \u00e9stos hasta sus casas. Estar\u00e1n acompa\u00f1ados por monitores municipales y contar\u00e1n con el respaldo de la Polic\u00eda Local.<br \/>\nEn esta primera fase, se han fijado un total de 8 rutas para desplazarse a pie hasta los tres colegios p\u00fablicos del municipio y al Instituto de Secundaria, con un total de hasta 10 puntos de encuentro. El objetivo es ir incorporando a todos los centros en sucesivos cursos escolares y ampliar las rutas.<br \/>\nLa alcaldesa de la Pobla de Vallbona, Mari Carmen Contelles, ha se\u00f1alado que \u201cdesde el Ayuntamiento invitamos a todos los alumnos y familias a participar en este bonito proyecto que tiene por objetivo recuperar la pr\u00e1ctica de ir caminando al colegio. Al mismo tiempo queremos fomentar entre los escolares, la autonom\u00eda, la vida saludable y la movilidad sostenible.\u201d<br \/>\nAs\u00ed, para ir al colegio Llu\u00eds Vives hay confeccionadas dos rutas escolares. Las rutas empiezan desde la Pla\u00e7a de l\u2019Antic Ajuntament, y la Plaza Vicente Alba. Estas dos rutas comparten punto de inicio con las rutas del CEIP El Camp\u00e9s y del Mas de Tous, que adem\u00e1s cuentan con una tercera ruta, la Ruta Norte, que sale del Centro de Salud. Para ir al Instituto, los inicios de las rutas se sit\u00faan en la Pla\u00e7a de l\u2019Antic Ajuntament, , la Cruz Roja, y el Centro de Salud. A partir de los puntos de inicio se han establecido puntos de encuentro a lo largo de los itinerarios para que los alumnos se vayan incorporando en funci\u00f3n de sus domicilios.<br \/>\nLos alumnos interesados en participar tienen de tiempo hasta el 16 de junio para inscribirse en estas rutas, a fin de organizar con antelaci\u00f3n los grupos. Las familias interesadas pueden solicitar las normas b\u00e1sicas de funcionamiento y la hoja de inscripci\u00f3n en los centros educativos, el Ayuntamiento de La Pobla de Vallbona o descargar la informaci\u00f3n desde la web y redes sociales municipales. <\/p>\n","protected":false},"excerpt":{"rendered":"<div class=\"mh-excerpt\">El Ayuntamiento de la Pobla de Vallbona ha empezado a presentar a los colegios las rutas escolares que ha creado para el pr\u00f3ximo curso, y que tienen por objetivo fomentar los traslados diarios de casa <a class=\"mh-excerpt-more\" href=\"https:\/\/www.tucomarca.com\/wordpress\/segunda\/se-presentan-las-rutas-escolares-seguras-creadas-por-el-ayuntamiento-de-la-pobla-de-vallbona\/\" title=\"Se presentan las rutas escolares seguras creadas por el Ayuntamiento de La Pobla de Vallbona\">[+] <\/a><\/div>\n","protected":false},"author":2,"featured_media":27596,"comment_status":"open","ping_status":"open","sticky":false,"template":"","format":"standard","meta":{"footnotes":""},"categories":[46,8,174,3],"tags":[1109,1874,990,4566],"class_list":{"0":"post-27593","1":"post","2":"type-post","3":"status-publish","4":"format-standard","5":"has-post-thumbnail","7":"category-camp-de-turia","8":"category-la-comarca","9":"category-la-pobla","10":"category-seccion","11":"tag-escolares","12":"tag-pobla-de-vallbona","13":"tag-rutas","14":"tag-seguras"},"_links":{"self":[{"href":"https:\/\/www.tucomarca.com\/wordpress\/segunda\/wp-json\/wp\/v2\/posts\/27593","targetHints":{"allow":["GET"]}}],"collection":[{"href":"https:\/\/www.tucomarca.com\/wordpress\/segunda\/wp-json\/wp\/v2\/posts"}],"about":[{"href":"https:\/\/www.tucomarca.com\/wordpress\/segunda\/wp-json\/wp\/v2\/types\/post"}],"author":[{"embeddable":true,"href":"https:\/\/www.tucomarca.com\/wordpress\/segunda\/wp-json\/wp\/v2\/users\/2"}],"replies":[{"embeddable":true,"href":"https:\/\/www.tucomarca.com\/wordpress\/segunda\/wp-json\/wp\/v2\/comments?post=27593"}],"version-history":[{"count":0,"href":"https:\/\/www.tucomarca.com\/wordpress\/segunda\/wp-json\/wp\/v2\/posts\/27593\/revisions"}],"wp:featuredmedia":[{"embeddable":true,"href":"https:\/\/www.tucomarca.com\/wordpress\/segunda\/wp-json\/wp\/v2\/media\/27596"}],"wp:attachment":[{"href":"https:\/\/www.tucomarca.com\/wordpress\/segunda\/wp-json\/wp\/v2\/media?parent=27593"}],"wp:term":[{"taxonomy":"category","embeddable":true,"href":"https:\/\/www.tucomarca.com\/wordpress\/segunda\/wp-json\/wp\/v2\/categories?post=27593"},{"taxonomy":"post_tag","embeddable":true,"href":"https:\/\/www.tucomarca.com\/wordpress\/segunda\/wp-json\/wp\/v2\/tags?post=27593"}],"curies":[{"name":"wp","href":"https:\/\/api.w.org\/{rel}","templated":true}]}}