{"id":276101,"date":"2025-08-24T08:00:00","date_gmt":"2025-08-24T06:00:00","guid":{"rendered":"https:\/\/www.tucomarca.com\/wordpress\/segunda\/?p=276101"},"modified":"2025-08-23T11:44:47","modified_gmt":"2025-08-23T09:44:47","slug":"la-sm-la-artistica-de-bunol-celebra-este-domingo-su-dia-grande-con-la-fiesta-del-manton-2","status":"publish","type":"post","link":"https:\/\/www.tucomarca.com\/wordpress\/segunda\/la-sm-la-artistica-de-bunol-celebra-este-domingo-su-dia-grande-con-la-fiesta-del-manton-2\/","title":{"rendered":"La SM \u00abLa Art\u00edstica\u00bb de Bu\u00f1ol celebra este domingo su d\u00eda grande: la Fiesta del Mant\u00f3n"},"content":{"rendered":"\n<p>Este domingo, 24 de agosto, Bu\u00f1ol vivir\u00e1 uno de los d\u00edas m\u00e1s esperados de su Feria y Fiestas con la tradicional <strong>Fiesta del Mant\u00f3n<\/strong> de la Sociedad Musical \u00abLa Art\u00edstica\u00bb, m\u00e1s conocida como \u00ab<em>Los Feos<\/em>\u00ab. Una cita que cada a\u00f1o re\u00fane elegancia, m\u00fasica y emoci\u00f3n en torno a una de las se\u00f1as de identidad de la entidad.<\/p>\n\n\n\n<p>La jornada arranca a las <strong>13,00 horas<\/strong> con la ofrenda matinal, un acto cargado de sentimiento que preceder\u00e1 al tradicional <strong>sorteo de mantones<\/strong>, en el que la Comisi\u00f3n de la Fiesta del Mant\u00f3n entregar\u00e1 entre los asistentes un magn\u00edfico Mant\u00f3n de Manila.<\/p>\n\n\n\n<p>El broche de oro llegar\u00e1 por la tarde con la <strong>Gran Cabalgata del Mant\u00f3n<\/strong>, prevista a las <strong>20,00 horas<\/strong>, que llenar\u00e1 las calles de Bu\u00f1ol de color, m\u00fasica y tradici\u00f3n.<\/p>\n\n\n\n<p>En ambos actos estar\u00e1n presentes las m\u00e1ximas representantes de \u00abLa Art\u00edstica\u00bb: la <strong>Reina del Mant\u00f3n 2025, Estela Iniesta Sobrino<\/strong>, la <strong>Reina Infantil, Claudia Olius Vidal<\/strong>, y la <strong>Representante, Roc\u00edo Cervera Bartolom\u00e9<\/strong>, que vivir\u00e1n su jornada m\u00e1s especial acompa\u00f1adas por toda la sociedad musical y el pueblo de Bu\u00f1ol.<\/p>\n\n\n\n<p>Un d\u00eda grande para <em>Los Feos<\/em> que promete volver a ser uno de los momentos m\u00e1s destacados de las fiestas de la localidad.<\/p>\n","protected":false},"excerpt":{"rendered":"<div class=\"mh-excerpt\">Este domingo, 24 de agosto, Bu\u00f1ol vivir\u00e1 uno de los d\u00edas m\u00e1s esperados de su Feria y Fiestas con la tradicional Fiesta del Mant\u00f3n de la Sociedad Musical \u00abLa Art\u00edstica\u00bb, m\u00e1s conocida como \u00abLos Feos\u00ab. <a class=\"mh-excerpt-more\" href=\"https:\/\/www.tucomarca.com\/wordpress\/segunda\/la-sm-la-artistica-de-bunol-celebra-este-domingo-su-dia-grande-con-la-fiesta-del-manton-2\/\" title=\"La SM \u00abLa Art\u00edstica\u00bb de Bu\u00f1ol celebra este domingo su d\u00eda grande: la Fiesta del Mant\u00f3n\">[+] <\/a><\/div>\n","protected":false},"author":12,"featured_media":275005,"comment_status":"open","ping_status":"open","sticky":false,"template":"","format":"standard","meta":{"footnotes":""},"categories":[4,18,66,8,10,7,3],"tags":[10385,17115,5952,10559],"class_list":{"0":"post-276101","1":"post","2":"type-post","3":"status-publish","4":"format-standard","5":"has-post-thumbnail","7":"category-agenda","8":"category-bunol","9":"category-musica","10":"category-la-comarca","11":"category-la-hoya","12":"category-ocio-y-cultura","13":"category-seccion","14":"tag-bunol","15":"tag-fiesta-del-manton","16":"tag-la-hoya-de-bunol-chiva","17":"tag-sm-la-artistica-de-bunol"},"_links":{"self":[{"href":"https:\/\/www.tucomarca.com\/wordpress\/segunda\/wp-json\/wp\/v2\/posts\/276101","targetHints":{"allow":["GET"]}}],"collection":[{"href":"https:\/\/www.tucomarca.com\/wordpress\/segunda\/wp-json\/wp\/v2\/posts"}],"about":[{"href":"https:\/\/www.tucomarca.com\/wordpress\/segunda\/wp-json\/wp\/v2\/types\/post"}],"author":[{"embeddable":true,"href":"https:\/\/www.tucomarca.com\/wordpress\/segunda\/wp-json\/wp\/v2\/users\/12"}],"replies":[{"embeddable":true,"href":"https:\/\/www.tucomarca.com\/wordpress\/segunda\/wp-json\/wp\/v2\/comments?post=276101"}],"version-history":[{"count":0,"href":"https:\/\/www.tucomarca.com\/wordpress\/segunda\/wp-json\/wp\/v2\/posts\/276101\/revisions"}],"wp:featuredmedia":[{"embeddable":true,"href":"https:\/\/www.tucomarca.com\/wordpress\/segunda\/wp-json\/wp\/v2\/media\/275005"}],"wp:attachment":[{"href":"https:\/\/www.tucomarca.com\/wordpress\/segunda\/wp-json\/wp\/v2\/media?parent=276101"}],"wp:term":[{"taxonomy":"category","embeddable":true,"href":"https:\/\/www.tucomarca.com\/wordpress\/segunda\/wp-json\/wp\/v2\/categories?post=276101"},{"taxonomy":"post_tag","embeddable":true,"href":"https:\/\/www.tucomarca.com\/wordpress\/segunda\/wp-json\/wp\/v2\/tags?post=276101"}],"curies":[{"name":"wp","href":"https:\/\/api.w.org\/{rel}","templated":true}]}}