{"id":27611,"date":"2014-05-30T12:10:25","date_gmt":"2014-05-30T09:10:25","guid":{"rendered":"http:\/\/www.tucomarca.com\/wordpress\/segunda\/?p=27611"},"modified":"2014-05-30T12:10:25","modified_gmt":"2014-05-30T09:10:25","slug":"chelva-celebra-la-feria-del-reciclaje-de-la-diputacion","status":"publish","type":"post","link":"https:\/\/www.tucomarca.com\/wordpress\/segunda\/chelva-celebra-la-feria-del-reciclaje-de-la-diputacion\/","title":{"rendered":"Chelva celebra la feria del reciclaje de la Diputaci\u00f3n"},"content":{"rendered":"<p>Chelva acoger\u00e1 este s\u00e1bado 31 la feria \u2018Reciclamon y el Planeta Infinito\u2019 con contenidos l\u00fadicos y docentes para concienciar sobre la necesidad e importancia de reciclar nuestros residuos con talleres de artesan\u00eda, juegos y buenas pr\u00e1cticas ambientales.<\/p>\n<p>La campa\u00f1a, organizada por la Diputaci\u00f3n de Valencia y el Consorcio Valencia Interior, con la colaboraci\u00f3n de la fundaci\u00f3n Eco-raee\u2019s y los ayuntamientos participantes, cuenta tambi\u00e9n con talleres formativos para los escolares, implic\u00e1ndoles en la gesti\u00f3n de los residuos generados en sus municipios. Adem\u00e1s, el proyecto ofrece tambi\u00e9n visitas de los estudiantes a la planta de valorizaci\u00f3n de residuos urbanos de Ll\u00edria, donde los ni\u00f1os participan en la transformaci\u00f3n de los residuos en recursos.<\/p>\n<p>Este s\u00e1bado, entre las 11:00 y las 14:30 horas, la plaza Mayor de Chelva acoger\u00e1 \u2018Reciclamon y el planeta infinito\u2019 con actividades que fomentar\u00e1n el reciclaje entre los asistentes y tambi\u00e9n el uso de los ecoparques.<\/p>\n<p>Tal como ha informado el diputado de Medio Ambiente, Salvador Enguix, esta campa\u00f1a ya se ha desarrollado en los municipios de c\u00f3mo, Tu\u00e9jar, Chiva, Requena, Villar del Arzobispo, Macastre y Pedralba, y se espera llegar hasta un total de 12 municipios y 24 centros escolares, lo que supondr\u00e1 fomentar el reciclaje entre mas de 6.500 estudiantes de las comarcas del interior de la provincia de Valencia.<\/p>\n","protected":false},"excerpt":{"rendered":"<div class=\"mh-excerpt\">Chelva acoger\u00e1 este s\u00e1bado 31 la feria \u2018Reciclamon y el Planeta Infinito\u2019 con contenidos l\u00fadicos y docentes para concienciar sobre la necesidad e importancia de reciclar nuestros residuos con talleres de artesan\u00eda, juegos y buenas <a class=\"mh-excerpt-more\" href=\"https:\/\/www.tucomarca.com\/wordpress\/segunda\/chelva-celebra-la-feria-del-reciclaje-de-la-diputacion\/\" title=\"Chelva celebra la feria del reciclaje de la Diputaci\u00f3n\">[+] <\/a><\/div>\n","protected":false},"author":2,"featured_media":0,"comment_status":"open","ping_status":"open","sticky":false,"template":"","format":"standard","meta":{"footnotes":""},"categories":[4,188,8,59,3],"tags":[10442,417,100,2386,3792],"class_list":{"0":"post-27611","1":"post","2":"type-post","3":"status-publish","4":"format-standard","6":"category-agenda","7":"category-chelva","8":"category-la-comarca","9":"category-los-serranos","10":"category-seccion","11":"tag-chelva","12":"tag-consorcio-valencia-interior","13":"tag-feria","14":"tag-reciclamon","15":"tag-sabado"},"_links":{"self":[{"href":"https:\/\/www.tucomarca.com\/wordpress\/segunda\/wp-json\/wp\/v2\/posts\/27611","targetHints":{"allow":["GET"]}}],"collection":[{"href":"https:\/\/www.tucomarca.com\/wordpress\/segunda\/wp-json\/wp\/v2\/posts"}],"about":[{"href":"https:\/\/www.tucomarca.com\/wordpress\/segunda\/wp-json\/wp\/v2\/types\/post"}],"author":[{"embeddable":true,"href":"https:\/\/www.tucomarca.com\/wordpress\/segunda\/wp-json\/wp\/v2\/users\/2"}],"replies":[{"embeddable":true,"href":"https:\/\/www.tucomarca.com\/wordpress\/segunda\/wp-json\/wp\/v2\/comments?post=27611"}],"version-history":[{"count":0,"href":"https:\/\/www.tucomarca.com\/wordpress\/segunda\/wp-json\/wp\/v2\/posts\/27611\/revisions"}],"wp:attachment":[{"href":"https:\/\/www.tucomarca.com\/wordpress\/segunda\/wp-json\/wp\/v2\/media?parent=27611"}],"wp:term":[{"taxonomy":"category","embeddable":true,"href":"https:\/\/www.tucomarca.com\/wordpress\/segunda\/wp-json\/wp\/v2\/categories?post=27611"},{"taxonomy":"post_tag","embeddable":true,"href":"https:\/\/www.tucomarca.com\/wordpress\/segunda\/wp-json\/wp\/v2\/tags?post=27611"}],"curies":[{"name":"wp","href":"https:\/\/api.w.org\/{rel}","templated":true}]}}