{"id":276225,"date":"2025-08-20T09:55:00","date_gmt":"2025-08-20T07:55:00","guid":{"rendered":"https:\/\/www.tucomarca.com\/wordpress\/segunda\/?p=276225"},"modified":"2025-08-20T18:58:28","modified_gmt":"2025-08-20T16:58:28","slug":"frescura-aromas-y-colores-los-rosados-de-la-do-utiel-requena-perfectos-para-acompanar-nuestro-verano","status":"publish","type":"post","link":"https:\/\/www.tucomarca.com\/wordpress\/segunda\/frescura-aromas-y-colores-los-rosados-de-la-do-utiel-requena-perfectos-para-acompanar-nuestro-verano\/","title":{"rendered":"Frescura, aromas y colores: los rosados de la DO Utiel- Requena perfectos para acompa\u00f1ar nuestro verano\u00a0"},"content":{"rendered":"\n<p>Los rosados de la Denominaci\u00f3n de Origen Utiel-Requena son el compa\u00f1ero ideal para estos d\u00edas de verano. Frescos, arom\u00e1ticos y con una paleta de colores que invita a descubrirlos y disfrutarlos, siendo vinos vers\u00e1tiles que maridan desde un aperitivo hasta comidas m\u00e1s elaboradas, perfectos para compartir en terrazas, comidas al aire libre o cenas informales.&nbsp;<\/p>\n\n\n\n<p>En la \u00faltima formaci\u00f3n dirigida a la restauraci\u00f3n local en Consejo Regulador por la sumiller Manuela Romeralo, los rosados demostraron su gran diversidad y calidad. Se cataron 17 referencias que permitieron apreciar tanto su frescura inmediata como su capacidad de evoluci\u00f3n en botella. La cata dej\u00f3 patente la riqueza de estilos: desde los m\u00e1s tradicionales hasta los de corte provenzal, pasando por monovarietales de Bobal y coupages elaborados con otras variedades. La diversidad de aromas y sabores sorprendi\u00f3 a los asistentes, dejando claro que los rosados de la DO Utiel-Requena son vinos con personalidad y muy disfrutables en verano.\u00a0<\/p>\n\n\n\n<figure class=\"wp-block-gallery has-nested-images columns-1 is-cropped wp-block-gallery-1 is-layout-flex wp-block-gallery-is-layout-flex\">\n<figure class=\"wp-block-image size-large\"><img loading=\"lazy\" decoding=\"async\" width=\"1024\" height=\"768\" data-id=\"276248\" src=\"https:\/\/www.tucomarca.com\/wordpress\/segunda\/wp-content\/uploads\/2025\/08\/RosadoDOUtiel1-1024x768.jpg\" alt=\"\" class=\"wp-image-276248\" srcset=\"https:\/\/www.tucomarca.com\/wordpress\/segunda\/wp-content\/uploads\/2025\/08\/RosadoDOUtiel1-1024x768.jpg 1024w, https:\/\/www.tucomarca.com\/wordpress\/segunda\/wp-content\/uploads\/2025\/08\/RosadoDOUtiel1-300x225.jpg 300w, https:\/\/www.tucomarca.com\/wordpress\/segunda\/wp-content\/uploads\/2025\/08\/RosadoDOUtiel1-768x576.jpg 768w, https:\/\/www.tucomarca.com\/wordpress\/segunda\/wp-content\/uploads\/2025\/08\/RosadoDOUtiel1-678x509.jpg 678w, https:\/\/www.tucomarca.com\/wordpress\/segunda\/wp-content\/uploads\/2025\/08\/RosadoDOUtiel1-326x245.jpg 326w, https:\/\/www.tucomarca.com\/wordpress\/segunda\/wp-content\/uploads\/2025\/08\/RosadoDOUtiel1-80x60.jpg 80w, https:\/\/www.tucomarca.com\/wordpress\/segunda\/wp-content\/uploads\/2025\/08\/RosadoDOUtiel1.jpg 1181w\" sizes=\"auto, (max-width: 1024px) 100vw, 1024px\" \/><\/figure>\n\n\n\n<figure class=\"wp-block-image size-large\"><img loading=\"lazy\" decoding=\"async\" width=\"1024\" height=\"299\" data-id=\"276246\" src=\"https:\/\/www.tucomarca.com\/wordpress\/segunda\/wp-content\/uploads\/2025\/08\/DOUtiel17vinos-1024x299.jpg\" alt=\"\" class=\"wp-image-276246\" srcset=\"https:\/\/www.tucomarca.com\/wordpress\/segunda\/wp-content\/uploads\/2025\/08\/DOUtiel17vinos-1024x299.jpg 1024w, https:\/\/www.tucomarca.com\/wordpress\/segunda\/wp-content\/uploads\/2025\/08\/DOUtiel17vinos-300x88.jpg 300w, https:\/\/www.tucomarca.com\/wordpress\/segunda\/wp-content\/uploads\/2025\/08\/DOUtiel17vinos-768x224.jpg 768w, https:\/\/www.tucomarca.com\/wordpress\/segunda\/wp-content\/uploads\/2025\/08\/DOUtiel17vinos.jpg 1181w\" sizes=\"auto, (max-width: 1024px) 100vw, 1024px\" \/><\/figure>\n<\/figure>\n\n\n\n<p>Servidos bien fr\u00edos, son ideales para acompa\u00f1ar ensaladas, arroces, tapas, pescados, carnes blancas o incluso platos m\u00e1s especiados. La combinaci\u00f3n de frescura, aromas y colores convierte a estos rosados en la elecci\u00f3n perfecta para aprovechar al m\u00e1ximo los \u00faltimos d\u00edas de verano.&nbsp;<\/p>\n\n\n\n<p>Los rosados de la DO Utiel-Requena invitan a relajarse, compartir, disfrutar y saborear cada momento, brindando por la temporada m\u00e1s c\u00e1lida del a\u00f1o con cada copa.&nbsp;<\/p>\n","protected":false},"excerpt":{"rendered":"<div class=\"mh-excerpt\">Los rosados de la Denominaci\u00f3n de Origen Utiel-Requena son el compa\u00f1ero ideal para estos d\u00edas de verano. Frescos, arom\u00e1ticos y con una paleta de colores que invita a descubrirlos y disfrutarlos, siendo vinos vers\u00e1tiles que <a class=\"mh-excerpt-more\" href=\"https:\/\/www.tucomarca.com\/wordpress\/segunda\/frescura-aromas-y-colores-los-rosados-de-la-do-utiel-requena-perfectos-para-acompanar-nuestro-verano\/\" title=\"Frescura, aromas y colores: los rosados de la DO Utiel- Requena perfectos para acompa\u00f1ar nuestro verano\u00a0\">[+] <\/a><\/div>\n","protected":false},"author":12,"featured_media":276244,"comment_status":"open","ping_status":"open","sticky":false,"template":"","format":"gallery","meta":{"footnotes":""},"categories":[113,8,7,27,3,29,45],"tags":[22933,1422,10387,10389,22934],"class_list":{"0":"post-276225","1":"post","2":"type-post","3":"status-publish","4":"format-gallery","5":"has-post-thumbnail","7":"category-vinos","8":"category-la-comarca","9":"category-ocio-y-cultura","10":"category-requena-utiel","11":"category-seccion","12":"category-utiel","13":"category-ventana","14":"tag-denominacion-de-origen-utiel-requena","15":"tag-do-utiel-requena","16":"tag-requena-utiel","17":"tag-utiel","18":"tag-vino-rosado","19":"post_format-post-format-gallery"},"_links":{"self":[{"href":"https:\/\/www.tucomarca.com\/wordpress\/segunda\/wp-json\/wp\/v2\/posts\/276225","targetHints":{"allow":["GET"]}}],"collection":[{"href":"https:\/\/www.tucomarca.com\/wordpress\/segunda\/wp-json\/wp\/v2\/posts"}],"about":[{"href":"https:\/\/www.tucomarca.com\/wordpress\/segunda\/wp-json\/wp\/v2\/types\/post"}],"author":[{"embeddable":true,"href":"https:\/\/www.tucomarca.com\/wordpress\/segunda\/wp-json\/wp\/v2\/users\/12"}],"replies":[{"embeddable":true,"href":"https:\/\/www.tucomarca.com\/wordpress\/segunda\/wp-json\/wp\/v2\/comments?post=276225"}],"version-history":[{"count":0,"href":"https:\/\/www.tucomarca.com\/wordpress\/segunda\/wp-json\/wp\/v2\/posts\/276225\/revisions"}],"wp:featuredmedia":[{"embeddable":true,"href":"https:\/\/www.tucomarca.com\/wordpress\/segunda\/wp-json\/wp\/v2\/media\/276244"}],"wp:attachment":[{"href":"https:\/\/www.tucomarca.com\/wordpress\/segunda\/wp-json\/wp\/v2\/media?parent=276225"}],"wp:term":[{"taxonomy":"category","embeddable":true,"href":"https:\/\/www.tucomarca.com\/wordpress\/segunda\/wp-json\/wp\/v2\/categories?post=276225"},{"taxonomy":"post_tag","embeddable":true,"href":"https:\/\/www.tucomarca.com\/wordpress\/segunda\/wp-json\/wp\/v2\/tags?post=276225"}],"curies":[{"name":"wp","href":"https:\/\/api.w.org\/{rel}","templated":true}]}}