{"id":27623,"date":"2014-05-31T21:23:42","date_gmt":"2014-05-31T18:23:42","guid":{"rendered":"http:\/\/www.tucomarca.com\/wordpress\/segunda\/?p=27623"},"modified":"2014-05-31T21:23:42","modified_gmt":"2014-05-31T18:23:42","slug":"cheste-da-continuidad-a-su-ciclo-musica-en-primavera","status":"publish","type":"post","link":"https:\/\/www.tucomarca.com\/wordpress\/segunda\/cheste-da-continuidad-a-su-ciclo-musica-en-primavera\/","title":{"rendered":"Cheste da continuidad a su ciclo \u00abM\u00fasica en Primavera\u00bb"},"content":{"rendered":"<p>Este pr\u00f3ximo domingo d\u00eda 1 de junio \u00a0a las 19,00 h en el Teatro Liceo, tendr\u00e1 lugar un espectacular Encuentro de Corales dentro del Ciclo M\u00fasica en Primavera. El espect\u00e1culo se augura cargado de sorpresas que ser\u00e1n, sin lugar a dudas, del agrado de los espectadores. La Coral Bonrep\u00f3s y Mirambel, la Coral Veus Grans, y la Coral Cant\u00e1bile de Cheste acompa\u00f1ados por el grupo Shanadanza.<\/p>\n","protected":false},"excerpt":{"rendered":"<div class=\"mh-excerpt\">Este pr\u00f3ximo domingo d\u00eda 1 de junio \u00a0a las 19,00 h en el Teatro Liceo, tendr\u00e1 lugar un espectacular Encuentro de Corales dentro del Ciclo M\u00fasica en Primavera. El espect\u00e1culo se augura cargado de sorpresas <a class=\"mh-excerpt-more\" href=\"https:\/\/www.tucomarca.com\/wordpress\/segunda\/cheste-da-continuidad-a-su-ciclo-musica-en-primavera\/\" title=\"Cheste da continuidad a su ciclo \u00abM\u00fasica en Primavera\u00bb\">[+] <\/a><\/div>\n","protected":false},"author":2,"featured_media":0,"comment_status":"open","ping_status":"open","sticky":false,"template":"","format":"standard","meta":{"footnotes":""},"categories":[4,3],"tags":[339,1331,95,4573,4502],"class_list":{"0":"post-27623","1":"post","2":"type-post","3":"status-publish","4":"format-standard","6":"category-agenda","7":"category-seccion","8":"tag-cheste-2","9":"tag-ciclo","10":"tag-concierto","11":"tag-corales","12":"tag-musica-en-primavera"},"_links":{"self":[{"href":"https:\/\/www.tucomarca.com\/wordpress\/segunda\/wp-json\/wp\/v2\/posts\/27623","targetHints":{"allow":["GET"]}}],"collection":[{"href":"https:\/\/www.tucomarca.com\/wordpress\/segunda\/wp-json\/wp\/v2\/posts"}],"about":[{"href":"https:\/\/www.tucomarca.com\/wordpress\/segunda\/wp-json\/wp\/v2\/types\/post"}],"author":[{"embeddable":true,"href":"https:\/\/www.tucomarca.com\/wordpress\/segunda\/wp-json\/wp\/v2\/users\/2"}],"replies":[{"embeddable":true,"href":"https:\/\/www.tucomarca.com\/wordpress\/segunda\/wp-json\/wp\/v2\/comments?post=27623"}],"version-history":[{"count":0,"href":"https:\/\/www.tucomarca.com\/wordpress\/segunda\/wp-json\/wp\/v2\/posts\/27623\/revisions"}],"wp:attachment":[{"href":"https:\/\/www.tucomarca.com\/wordpress\/segunda\/wp-json\/wp\/v2\/media?parent=27623"}],"wp:term":[{"taxonomy":"category","embeddable":true,"href":"https:\/\/www.tucomarca.com\/wordpress\/segunda\/wp-json\/wp\/v2\/categories?post=27623"},{"taxonomy":"post_tag","embeddable":true,"href":"https:\/\/www.tucomarca.com\/wordpress\/segunda\/wp-json\/wp\/v2\/tags?post=27623"}],"curies":[{"name":"wp","href":"https:\/\/api.w.org\/{rel}","templated":true}]}}