{"id":2773,"date":"2012-05-31T19:42:43","date_gmt":"2012-05-31T17:42:43","guid":{"rendered":"http:\/\/www.tucomarca.com\/wordpress\/segunda\/?p=2773"},"modified":"2012-05-31T19:42:43","modified_gmt":"2012-05-31T17:42:43","slug":"cortes-de-pallas-solicita-ayuda-a-la-diputacion-para-minimizar-los-costes-de-su-ecoparque","status":"publish","type":"post","link":"https:\/\/www.tucomarca.com\/wordpress\/segunda\/cortes-de-pallas-solicita-ayuda-a-la-diputacion-para-minimizar-los-costes-de-su-ecoparque\/","title":{"rendered":"Cortes de Pall\u00e1s solicita ayuda a la Diputaci\u00f3n para minimizar los costes de su ecoparque"},"content":{"rendered":"<figure id=\"attachment_2774\" aria-describedby=\"caption-attachment-2774\" style=\"width: 300px\" class=\"wp-caption alignleft\"><a href=\"https:\/\/www.tucomarca.com\/wordpress\/segunda\/wp-content\/uploads\/2012\/05\/alcaldeCortes.jpg\"><img loading=\"lazy\" decoding=\"async\" class=\"size-medium wp-image-2774\" title=\"alcaldeCortes\" src=\"https:\/\/www.tucomarca.com\/wordpress\/segunda\/wp-content\/uploads\/2012\/05\/alcaldeCortes-300x194.jpg\" alt=\"El alcalde de Cortes con el diputado de Empresas P\u00fablicas durante la reuni\u00f3n.\" width=\"300\" height=\"194\" srcset=\"https:\/\/www.tucomarca.com\/wordpress\/segunda\/wp-content\/uploads\/2012\/05\/alcaldeCortes-300x194.jpg 300w, https:\/\/www.tucomarca.com\/wordpress\/segunda\/wp-content\/uploads\/2012\/05\/alcaldeCortes-1024x665.jpg 1024w\" sizes=\"auto, (max-width: 300px) 100vw, 300px\" \/><\/a><figcaption id=\"caption-attachment-2774\" class=\"wp-caption-text\">El alcalde de Cortes con el diputado de Empresas P\u00fablicas durante la reuni\u00f3n.<\/figcaption><\/figure>\n<p>El alcalde de Corts de Pall\u00e1s, Alberto Enrique S\u00e1ez, ha visitado este jueves la Diputaci\u00f3n de Valencia donde se ha entrevistado con el diputado de Empresas P\u00fablicas, Rafael P\u00e9rez, a quien ha trasladado de primera mano las carencias de la localidad<\/p>\n<p>Alberto S\u00e1ez, durante el encuentro celebrado en la instituci\u00f3n provincial, ha solicitado la colaboraci\u00f3n de la Diputaci\u00f3n de Valencia para \u00abminimizar los costes que supone tener en la localidad un Ecoparque, instalaci\u00f3n municipal y que est\u00e1 gestionado por la empresa GIRSA\u00bb, ha informado el primer edil.<\/p>\n<p>\u00abDesde la gran experiencia de la Diputaci\u00f3n de Valencia nos gustar\u00eda que nos asesoraran para encontrar una soluci\u00f3n sin la eliminaci\u00f3n del servicio\u00bb, ha comentado el alcalde.<\/p>\n<p>Para S\u00e1ez, este Ecoparque realiza un papel \u00abmuy importante\u00bb, puesto que \u00abno hay ninguna instalaci\u00f3n de estas caracter\u00edsticas en las inmediaciones del municipio\u00bb ha aseverado el alcalde.<\/p>\n<p>El responsable municipal mostr\u00f3 su agradecimiento al diputado P\u00e9rez y defini\u00f3 la existencia de la instituci\u00f3n provincial como \u00abmuy necesaria\u00bb: \u00abEl trabajo que realiza el presidente Alfonso Rus y todo su equipo es imprescindible para todos los ayuntamientos de la provincia\u00bb.<\/p>\n<p>Por su parte, el diputado P\u00e9rez se ha comprometido con el alcalde a analizar su petici\u00f3n para mejorar la situaci\u00f3n econ\u00f3mica del ayuntamiento de Cortes de Pall\u00e1s.<\/p>\n","protected":false},"excerpt":{"rendered":"<div class=\"mh-excerpt\">El alcalde de Corts de Pall\u00e1s, Alberto Enrique S\u00e1ez, ha visitado este jueves la Diputaci\u00f3n de Valencia donde se ha entrevistado con el diputado de Empresas P\u00fablicas, Rafael P\u00e9rez, a quien ha trasladado de primera <a class=\"mh-excerpt-more\" href=\"https:\/\/www.tucomarca.com\/wordpress\/segunda\/cortes-de-pallas-solicita-ayuda-a-la-diputacion-para-minimizar-los-costes-de-su-ecoparque\/\" title=\"Cortes de Pall\u00e1s solicita ayuda a la Diputaci\u00f3n para minimizar los costes de su ecoparque\">[+] <\/a><\/div>\n","protected":false},"author":1,"featured_media":2774,"comment_status":"open","ping_status":"open","sticky":false,"template":"","format":"standard","meta":{"footnotes":""},"categories":[38,40,128,8,3],"tags":[],"class_list":{"0":"post-2773","1":"post","2":"type-post","3":"status-publish","4":"format-standard","5":"has-post-thumbnail","7":"category-ayora-cofrentes","8":"category-cortes-de-pallas","9":"category-infraestructuras","10":"category-la-comarca","11":"category-seccion"},"_links":{"self":[{"href":"https:\/\/www.tucomarca.com\/wordpress\/segunda\/wp-json\/wp\/v2\/posts\/2773","targetHints":{"allow":["GET"]}}],"collection":[{"href":"https:\/\/www.tucomarca.com\/wordpress\/segunda\/wp-json\/wp\/v2\/posts"}],"about":[{"href":"https:\/\/www.tucomarca.com\/wordpress\/segunda\/wp-json\/wp\/v2\/types\/post"}],"author":[{"embeddable":true,"href":"https:\/\/www.tucomarca.com\/wordpress\/segunda\/wp-json\/wp\/v2\/users\/1"}],"replies":[{"embeddable":true,"href":"https:\/\/www.tucomarca.com\/wordpress\/segunda\/wp-json\/wp\/v2\/comments?post=2773"}],"version-history":[{"count":0,"href":"https:\/\/www.tucomarca.com\/wordpress\/segunda\/wp-json\/wp\/v2\/posts\/2773\/revisions"}],"wp:featuredmedia":[{"embeddable":true,"href":"https:\/\/www.tucomarca.com\/wordpress\/segunda\/wp-json\/wp\/v2\/media\/2774"}],"wp:attachment":[{"href":"https:\/\/www.tucomarca.com\/wordpress\/segunda\/wp-json\/wp\/v2\/media?parent=2773"}],"wp:term":[{"taxonomy":"category","embeddable":true,"href":"https:\/\/www.tucomarca.com\/wordpress\/segunda\/wp-json\/wp\/v2\/categories?post=2773"},{"taxonomy":"post_tag","embeddable":true,"href":"https:\/\/www.tucomarca.com\/wordpress\/segunda\/wp-json\/wp\/v2\/tags?post=2773"}],"curies":[{"name":"wp","href":"https:\/\/api.w.org\/{rel}","templated":true}]}}