{"id":277351,"date":"2025-08-30T09:00:00","date_gmt":"2025-08-30T07:00:00","guid":{"rendered":"https:\/\/www.tucomarca.com\/wordpress\/segunda\/?p=277351"},"modified":"2025-08-30T17:55:34","modified_gmt":"2025-08-30T15:55:34","slug":"bunol-y-el-pueblo-de-rungis-sellan-su-hermanamiento-con-una-ceremonia-oficial-en-el-ayuntamiento","status":"publish","type":"post","link":"https:\/\/www.tucomarca.com\/wordpress\/segunda\/bunol-y-el-pueblo-de-rungis-sellan-su-hermanamiento-con-una-ceremonia-oficial-en-el-ayuntamiento\/","title":{"rendered":"Bu\u00f1ol y el pueblo de Rungis sellan su hermanamiento con una ceremonia oficial en el Ayuntamiento"},"content":{"rendered":"\n<p>Bu\u00f1ol y la localidad francesa de Rungis han oficializado este viernes su hermanamiento en un acto celebrado en el Ayuntamiento de la localidad. La ceremonia ha estado presidida por la alcaldesa, <strong>Virginia Sanz<\/strong>, el alcalde de Rungis, <strong>Bruno Marcillaud<\/strong>, y la c\u00f3nsul de Francia en Valencia y Castell\u00f3n, <strong>Karin Nylund<\/strong>.<\/p>\n\n\n\n<p>Durante el acto, las autoridades firmaron en el libro de honor, un gesto simb\u00f3lico que marca el inicio de una nueva etapa de colaboraci\u00f3n entre ambos municipios.<\/p>\n\n\n\n<p>Desde el consistorio bu\u00f1olense se ha destacado la ilusi\u00f3n con la que se afronta este hermanamiento, que permitir\u00e1 impulsar proyectos conjuntos en los \u00e1mbitos <strong>cultural, educativo y musical<\/strong>, adem\u00e1s de fortalecer los lazos de amistad entre las dos localidades.<\/p>\n\n\n\n<figure class=\"wp-block-gallery has-nested-images columns-1 is-cropped wp-block-gallery-1 is-layout-flex wp-block-gallery-is-layout-flex\">\n<figure class=\"wp-block-image size-large\"><img loading=\"lazy\" decoding=\"async\" width=\"1024\" height=\"1024\" data-id=\"277353\" src=\"https:\/\/www.tucomarca.com\/wordpress\/segunda\/wp-content\/uploads\/2025\/08\/Bunol-Rungis2-1024x1024.jpg\" alt=\"\" class=\"wp-image-277353\" srcset=\"https:\/\/www.tucomarca.com\/wordpress\/segunda\/wp-content\/uploads\/2025\/08\/Bunol-Rungis2-1024x1024.jpg 1024w, https:\/\/www.tucomarca.com\/wordpress\/segunda\/wp-content\/uploads\/2025\/08\/Bunol-Rungis2-300x300.jpg 300w, https:\/\/www.tucomarca.com\/wordpress\/segunda\/wp-content\/uploads\/2025\/08\/Bunol-Rungis2-290x290.jpg 290w, https:\/\/www.tucomarca.com\/wordpress\/segunda\/wp-content\/uploads\/2025\/08\/Bunol-Rungis2-768x768.jpg 768w, https:\/\/www.tucomarca.com\/wordpress\/segunda\/wp-content\/uploads\/2025\/08\/Bunol-Rungis2.jpg 1440w\" sizes=\"auto, (max-width: 1024px) 100vw, 1024px\" \/><\/figure>\n\n\n\n<figure class=\"wp-block-image size-large\"><img loading=\"lazy\" decoding=\"async\" width=\"1024\" height=\"1024\" data-id=\"277355\" src=\"https:\/\/www.tucomarca.com\/wordpress\/segunda\/wp-content\/uploads\/2025\/08\/Bunol-Rungis3-1024x1024.jpg\" alt=\"\" class=\"wp-image-277355\" srcset=\"https:\/\/www.tucomarca.com\/wordpress\/segunda\/wp-content\/uploads\/2025\/08\/Bunol-Rungis3-1024x1024.jpg 1024w, https:\/\/www.tucomarca.com\/wordpress\/segunda\/wp-content\/uploads\/2025\/08\/Bunol-Rungis3-300x300.jpg 300w, https:\/\/www.tucomarca.com\/wordpress\/segunda\/wp-content\/uploads\/2025\/08\/Bunol-Rungis3-290x290.jpg 290w, https:\/\/www.tucomarca.com\/wordpress\/segunda\/wp-content\/uploads\/2025\/08\/Bunol-Rungis3-768x768.jpg 768w, https:\/\/www.tucomarca.com\/wordpress\/segunda\/wp-content\/uploads\/2025\/08\/Bunol-Rungis3.jpg 1440w\" sizes=\"auto, (max-width: 1024px) 100vw, 1024px\" \/><\/figure>\n\n\n\n<figure class=\"wp-block-image size-large\"><img loading=\"lazy\" decoding=\"async\" width=\"1024\" height=\"1024\" data-id=\"277356\" src=\"https:\/\/www.tucomarca.com\/wordpress\/segunda\/wp-content\/uploads\/2025\/08\/Bunol-Rungis4-1024x1024.jpg\" alt=\"\" class=\"wp-image-277356\" srcset=\"https:\/\/www.tucomarca.com\/wordpress\/segunda\/wp-content\/uploads\/2025\/08\/Bunol-Rungis4-1024x1024.jpg 1024w, https:\/\/www.tucomarca.com\/wordpress\/segunda\/wp-content\/uploads\/2025\/08\/Bunol-Rungis4-300x300.jpg 300w, https:\/\/www.tucomarca.com\/wordpress\/segunda\/wp-content\/uploads\/2025\/08\/Bunol-Rungis4-290x290.jpg 290w, https:\/\/www.tucomarca.com\/wordpress\/segunda\/wp-content\/uploads\/2025\/08\/Bunol-Rungis4-768x768.jpg 768w, https:\/\/www.tucomarca.com\/wordpress\/segunda\/wp-content\/uploads\/2025\/08\/Bunol-Rungis4.jpg 1440w\" sizes=\"auto, (max-width: 1024px) 100vw, 1024px\" \/><\/figure>\n\n\n\n<figure class=\"wp-block-image size-large\"><img loading=\"lazy\" decoding=\"async\" width=\"1024\" height=\"1024\" data-id=\"277354\" src=\"https:\/\/www.tucomarca.com\/wordpress\/segunda\/wp-content\/uploads\/2025\/08\/Bunol-Rungis5-1024x1024.jpg\" alt=\"\" class=\"wp-image-277354\" srcset=\"https:\/\/www.tucomarca.com\/wordpress\/segunda\/wp-content\/uploads\/2025\/08\/Bunol-Rungis5-1024x1024.jpg 1024w, https:\/\/www.tucomarca.com\/wordpress\/segunda\/wp-content\/uploads\/2025\/08\/Bunol-Rungis5-300x300.jpg 300w, https:\/\/www.tucomarca.com\/wordpress\/segunda\/wp-content\/uploads\/2025\/08\/Bunol-Rungis5-290x290.jpg 290w, https:\/\/www.tucomarca.com\/wordpress\/segunda\/wp-content\/uploads\/2025\/08\/Bunol-Rungis5-768x768.jpg 768w, https:\/\/www.tucomarca.com\/wordpress\/segunda\/wp-content\/uploads\/2025\/08\/Bunol-Rungis5.jpg 1440w\" sizes=\"auto, (max-width: 1024px) 100vw, 1024px\" \/><\/figure>\n<\/figure>\n","protected":false},"excerpt":{"rendered":"<div class=\"mh-excerpt\">Bu\u00f1ol y la localidad francesa de Rungis han oficializado este viernes su hermanamiento en un acto celebrado en el Ayuntamiento de la localidad. La ceremonia ha estado presidida por la alcaldesa, Virginia Sanz, el alcalde <a class=\"mh-excerpt-more\" href=\"https:\/\/www.tucomarca.com\/wordpress\/segunda\/bunol-y-el-pueblo-de-rungis-sellan-su-hermanamiento-con-una-ceremonia-oficial-en-el-ayuntamiento\/\" title=\"Bu\u00f1ol y el pueblo de Rungis sellan su hermanamiento con una ceremonia oficial en el Ayuntamiento\">[+] <\/a><\/div>\n","protected":false},"author":12,"featured_media":277358,"comment_status":"open","ping_status":"open","sticky":false,"template":"","format":"gallery","meta":{"footnotes":""},"categories":[18,8,10,5,7,142,383,3],"tags":[10385,5952,22493],"class_list":{"0":"post-277351","1":"post","2":"type-post","3":"status-publish","4":"format-gallery","5":"has-post-thumbnail","7":"category-bunol","8":"category-la-comarca","9":"category-la-hoya","10":"category-la-semana-en-imagenes","11":"category-ocio-y-cultura","12":"category-politica-la-comarca","13":"category-pueblos-en-fiestas","14":"category-seccion","15":"tag-bunol","16":"tag-la-hoya-de-bunol-chiva","17":"tag-rungis","18":"post_format-post-format-gallery"},"_links":{"self":[{"href":"https:\/\/www.tucomarca.com\/wordpress\/segunda\/wp-json\/wp\/v2\/posts\/277351","targetHints":{"allow":["GET"]}}],"collection":[{"href":"https:\/\/www.tucomarca.com\/wordpress\/segunda\/wp-json\/wp\/v2\/posts"}],"about":[{"href":"https:\/\/www.tucomarca.com\/wordpress\/segunda\/wp-json\/wp\/v2\/types\/post"}],"author":[{"embeddable":true,"href":"https:\/\/www.tucomarca.com\/wordpress\/segunda\/wp-json\/wp\/v2\/users\/12"}],"replies":[{"embeddable":true,"href":"https:\/\/www.tucomarca.com\/wordpress\/segunda\/wp-json\/wp\/v2\/comments?post=277351"}],"version-history":[{"count":0,"href":"https:\/\/www.tucomarca.com\/wordpress\/segunda\/wp-json\/wp\/v2\/posts\/277351\/revisions"}],"wp:featuredmedia":[{"embeddable":true,"href":"https:\/\/www.tucomarca.com\/wordpress\/segunda\/wp-json\/wp\/v2\/media\/277358"}],"wp:attachment":[{"href":"https:\/\/www.tucomarca.com\/wordpress\/segunda\/wp-json\/wp\/v2\/media?parent=277351"}],"wp:term":[{"taxonomy":"category","embeddable":true,"href":"https:\/\/www.tucomarca.com\/wordpress\/segunda\/wp-json\/wp\/v2\/categories?post=277351"},{"taxonomy":"post_tag","embeddable":true,"href":"https:\/\/www.tucomarca.com\/wordpress\/segunda\/wp-json\/wp\/v2\/tags?post=277351"}],"curies":[{"name":"wp","href":"https:\/\/api.w.org\/{rel}","templated":true}]}}