{"id":277437,"date":"2025-09-01T12:00:00","date_gmt":"2025-09-01T10:00:00","guid":{"rendered":"https:\/\/www.tucomarca.com\/wordpress\/segunda\/?p=277437"},"modified":"2025-09-01T12:40:32","modified_gmt":"2025-09-01T10:40:32","slug":"critican-desde-el-consell-que-el-gobierno-central-siga-hinchando-las-cifras-sobre-las-ayudas-pagadas-a-los-afectados-de-la-dana","status":"publish","type":"post","link":"https:\/\/www.tucomarca.com\/wordpress\/segunda\/critican-desde-el-consell-que-el-gobierno-central-siga-hinchando-las-cifras-sobre-las-ayudas-pagadas-a-los-afectados-de-la-dana\/","title":{"rendered":"Critican desde el Consell que el Gobierno central \u00absiga hinchando las cifras\u00bb sobre las ayudas pagadas a los afectados de la DANA"},"content":{"rendered":"\n<h3 class=\"wp-block-heading\">Aseguran que las ayudas abonadas por la Administraci\u00f3n central a los distintos colectivos \u00abllegan s\u00f3lo a los 2.600 millones de euros\u00bb.<\/h3>\n\n\n\n<h3 class=\"wp-block-heading\">Desde la Administraci\u00f3n auton\u00f3mica acusan al Gobierno central de \u00abdar en el \u00faltimo mes y medio hasta tres cifras distintas de ayudas pagadas por la DANA\u00bb.<\/h3>\n\n\n\n<h3 class=\"wp-block-heading\">Recuerdan que el 21 de julio, tanto el ministro de Econom\u00eda, Carlos Cuerpo, como la Delegaci\u00f3n del Gobierno en la Comunitat Valenciana, \u00abafirmaron que el Ejecutivo central ya hab\u00eda abonado 7.500 millones de euros en concepto de ayudas\u00bb.<\/h3>\n\n\n\n<h3 class=\"wp-block-heading\">\u00abAdem\u00e1s, la ministra de Ciencia, Innovaci\u00f3n y Universidades, Diana Morant, ha dicho el 28 de agosto en un acto en Valencia que el Gobierno de Espa\u00f1a ya ha transferido, y est\u00e1 en los bolsillos de las v\u00edctimas, 7.000 millones de euros\u00bb.<\/h3>\n\n\n\n<h3 class=\"wp-block-heading\">No obstante, critican desde el ejecutivo valenciano que las propias cifras oficiales del Gobierno publicadas en su web el 28 de agosto de 2025 \u00abdesmienten de forma contundente los datos aportados por el ministro Cuerpo, la ministra Morant y la Delegaci\u00f3n del Gobierno en la Comunitat\u00bb.<\/h3>\n\n\n\n<h3 class=\"wp-block-heading\">Tambi\u00e9n reprochan al Ejecutivo central que asegure hoy en su propia web \u00abhaber abonado s\u00f3lo 6.190 millones, lejos de los 7.500 millones anunciados en julio y alejados tambi\u00e9n de los 7.000 millones que asegura Morant\u00bb.<\/h3>\n\n\n\n<p>Desde la Administraci\u00f3n auton\u00f3mica valenciana han acusado al Gobierno central de \u00abdar en el \u00faltimo mes y medio hasta tres cifras distintas de ayudas pagadas por la DANA\u00bb. Fuentes de la Administraci\u00f3n Auton\u00f3mica aseguran que, con todo, \u00abninguna de todas estas cifras es la real. El dinero que verdaderamente ha llegado a los colectivos afectados por la DANA es mucho menos que el anunciado por el Gobierno de Pedro S\u00e1nchez, que asegura que ha movilizado hasta 16.600 millones de euros en ayudas y otras medidas para colectivos afectados\u00bb.<\/p>\n\n\n\n<p>\u00abEl Gobierno, como ha hecho desde el primer d\u00eda, se apropia de las indemnizaciones pagadas por el Consorcio de Compensaci\u00f3n de Seguros. El importe total abonado por el Consorcio llega a los 3.533.823.354 de euros, un dinero que el Gobierno se arroga y se apunta como si fuera una ayuda directa abierta, activada y dada por el Ejecutivo a los afectados por la riada. En este sentido, resulta imprescindible recordar que las indemnizaciones del Consorcio de Compensaci\u00f3n de Seguros no son ayudas directas ni indirectas del Gobierno, no proceden de l\u00edneas presupuestarias abiertas para afrontar las consecuencias de la riada , sino que son tramitadas, gestionadas y abonadas por el Consorcio, no por el Gobierno. No en vano, el Consorcio tiene personalidad jur\u00eddica propia y plena capacidad de obrar, y su espec\u00edfico marco de actuaci\u00f3n viene determinado por su Estatuto Legal. Tiene patrimonio propio, distinto al del Estado, y en su actividad no depende de ning\u00fan presupuesto p\u00fablico . Sus ingresos lo constituyen sus primas (pagadas por los asegurados), sus recargos y el producto de sus inversiones. Por lo tanto, estos 3.533.823.354 \u20ac abonados por el Consorcio no son, bajo ning\u00fan concepto, ayudas directas ni indirectas del Gobierno a colectivos afectados por la dana. Este dinero no ha sido pagado por el Gobierno, sino por el Consorcio. De este modo, estos 3.533,8 millones de euros tambi\u00e9n tienen que ser restados 3.533,8 de los 6.190 millones de euros que el Gobierno dice que ya ha pagado a los afectados por la DANA (Diana Morant asegura que ya son 7.000 millones y el ministro Cuerpo dijo en julio 7.500 millones)\u00bb, han a\u00f1adido.<\/p>\n\n\n\n<p>\u00abLo mismo sucede con las indemnizaciones abonadas por Agroseguro a explotaciones aseguradas \u2014a\u00f1aden\u2014. El Gobierno dice que ya ha abonado 51,5 millones de euros a explotaciones afectadas por la DANA. No obstante, estas compensaciones tampoco constituyen ayudas directas ni indirectas del Gobierno central, sino que son compensaciones gestionadas por la entidad, que se encarga de la gesti\u00f3n de los seguros agrarios por cuenta y en nombre de las entidades aseguradoras que forman parte del pool de coaseguro. De esta forma, a los 6.190 millones anunciados por el Gobierno como ya pagados en concepto de ayudas, tambi\u00e9n habr\u00eda que restar estos 51,5 millones\u00bb.<\/p>\n\n\n\n<p><strong>\u00abPr\u00e9stamos ICO no bonificados\u00bb<\/strong><\/p>\n\n\n\n<p>Adem\u00e1s, el Gobierno incluye tambi\u00e9n \u00abde forma artificial los cr\u00e9ditos ICO, que suman unos 719 millones de euros, obviando por supuesto que estos pr\u00e9stamos no son ayudas, porque es un dinero que las empresas solicitantes tienen que devolver. Las ayudas ser\u00edan \u00fanicamente los avales facilitados de forma gratuita y los intereses perdonados. No obstante, en este sentido cabe recordar que de estos 719 millones de euros prestados por el ICO a empresas afectadas por la dana, hasta 400 millones no est\u00e1n bonificados, no cuentan con los intereses subvencionados, es decir, las empresas van a tener que devolver ese dinero m\u00e1s los intereses que les hayan fijado en cada caso las entidades financieras. Por tanto, los 719 millones prestados por el ICO no son ayudas, se tienen que devolver, y de ellos, unos 400 millones se tienen que devolver adem\u00e1s con intereses\u00bb, tal como critican desde la Administraci\u00f3n valenciana.<\/p>\n\n\n\n<p>Ya que recuerdan que las l\u00edneas de financiaci\u00f3n para explotaciones agrarias afectadas (41,25 millones) \u00abtampoco son ayudas , ya que s\u00f3lo se subvenciona el 15% del principal; por tanto, el dinero tambi\u00e9n se tiene que devolver. Teniendo en cuenta todo lo anterior, de la cifra inicial de 7.500 millones de euros que el Gobierno dijo en julio que ya hab\u00eda pagado a colectivos afectados por la DANA, de los 7.000 que ha dicho Diana Morant que &#8216;\u201c&#8217;ya est\u00e1n en los bolsillo de las v\u00edctimas de la DANA&#8217;, y de los 6.190 millones que dice el Gobierno en su web que ha abobado en concepto de ayudas, la cifra real y concreta de ayudas abonadas hasta el momento por el Ejecutivo de S\u00e1nchez se queda en 2.600 millones de euros, a lo que habr\u00eda que sumar la parte correspondiente a la subvenci\u00f3n de los intereses de las distintas l\u00edneas de financiaci\u00f3n activadas\u00bb.<\/p>\n\n\n\n<p>Las mismas fuentes concluyen que de los 7.500 millones de euros \u00abpagados presuntamente por el Gobierno en ayudas y que se anunciaron en julio, de los 7.000 millones proclamados por Diana Morant en agosto, y de los 6.190 millones que publica el Gobierno su propia web oficial, la cifra real de ayudas abonadas por el Ejecutivo de Pedro S\u00e1nchez a los afectados por la DANA baja hasta los 2.600 hasta millones de euros, lo que supone un 15,6% del total de los 16.600 millones de euros que dice el Gobierno ha movilizado para los afectados de la DANA\u00bb.<\/p>\n\n\n\n<p>\u00abEs decir \u2014denuncian\u2014 que el Gobierno central ha inflado la cifra real de las ayudas en 4.900 millones de euros si se parte del dato de 7.500 millones en ayudas pagadas que anunci\u00f3 el ministro Cuerpo y la Delegaci\u00f3n del Gobierno en julio; la cifra se habr\u00eda hinchado en 4400 millones si se tiene en cuenta el dato anunciado por Diana Morant este 28 de agosto (7.000 millones), mientras que, por \u00faltimo, las cifras se habr\u00edan aumentado artificialmente en 3.590 millones si se parte del dato de 6.190 millones de euros en ayudas pagadas que tiene publicado el propio Gobierno en su web\u00bb.<\/p>\n\n\n\n<p><strong>\u00abEl Gobierno infla y maquilla los datos de las ayudas pagadas a los afectados por DANA\u00bb<\/strong><\/p>\n\n\n\n<p>Las fuentes de la Administraci\u00f3n valenciana aseguran que habr\u00eda que realizar \u00abalgunas matizaciones importantes, ya que, por ejemplo, en cuanto a las ayudas para la reconstrucci\u00f3n de infraestructuras municipales , que cubren el 100% de los da\u00f1os, el Gobierno ya ha pagado 1.745 millones de euros a 78 ayuntamientos afectados. No obstante, la inmensa mayor\u00eda de estos consistorios ni siquiera han podido movilizar ni un euro por la falta de recursos humanos y t\u00e9cnicos para iniciar los correspondientes procesos de licitaci\u00f3n para materializar las inversiones. Y es que con los recursos ordinarios que manejan estos ayuntamientos (en su mayor\u00eda son peque\u00f1os consistorios con una estructura administrativa insuficiente) resulta inviable gestionar este tipo de inversiones tan grandes, por lo que la mayor parte de las imprescindibles inversiones est\u00e1n paralizadas\u00bb.<\/p>\n\n\n\n<p>\u00abAdem\u00e1s, el Gobierno ha excluido a 28 municipios valencianos, con una poblaci\u00f3n conjunta de 80.000 personas, del plan de ayudas para la reconstrucci\u00f3n de infraestructuras municipales. Resulta injusto que estas 28 poblaciones no tengan acceso a las ayudas estatales para su reconstrucci\u00f3n pese a los da\u00f1os sufridos el pasado 29 de octubre\u00bb.<\/p>\n\n\n\n<p>Asimismo, unos 10 meses despu\u00e9s de la tragedia provocada por la riada del 29 de octubre, el Gobierno central \u00abs\u00f3lo ha pagado <em>ayudas de primera necesidad<\/em> (ayudas directas para paliar da\u00f1os materiales en vivienda y enseres) al 14% de las familias valencianas afectadas que solicitaron este tipo de ayudas. O lo que es lo mismo: el Ejecutivo de Pedro S\u00e1nchez no ha pagado a\u00fan al 86% de las familias que pidieron las ayudas de la DANA. Exactamente, apenas 6.102 familias han recibido las ayudas (100,9 millones de euros), de las 43.592 que las han pedido\u00bb.<\/p>\n\n\n\n<p>\u00abPor tanto, unas 37.940 familias no han recibido ni un euro y siguen esperando estas ayudas del Gobierno. Si cada familia ha recibido hasta el momento unos 16.538 euros de media, esto implica que la deuda del Gobierno de S\u00e1nchez con las familias afectadas por la DANA (37.940) y que tienen que recibir a\u00fan la ayuda, se eleva a unos 620 millones de euros\u00bb.<\/p>\n\n\n\n<p><strong>Ayudas para la compra de veh\u00edculos<\/strong><\/p>\n\n\n\n<p>En el cap\u00edtulo de <em>ayudas para la compra de veh\u00edculos<\/em>, \u00abel Gobierno se niega a exonerar o aplicar un tipo de IVA 0, con car\u00e1cter retroactivo, en la compra de coches adquiridos por propietarios que han perdido su veh\u00edculo como consecuencia de la DANA. Por eso, la ayuda que reciba una persona que ha perdido su coche como consecuencia de la DANA, es igual o menor incluso que el IVA asociado al precio del veh\u00edculo. El Ejecutivo no quiere perdonar ese IVA a los afectados que perdieron su coche\u00bb, aseguran desde el ejecutivo valenciano.<\/p>\n\n\n\n<p>Por lo que respecta a las ayudas para las entidades deportivas inscritas en el Registro Estatal de Entidades Deportivas o en los correspondientes registros de \u00e1mbito auton\u00f3mico, \u00abpara las obras de reparaci\u00f3n, restituci\u00f3n o reconstrucci\u00f3n de infraestructuras, equipamientos o instalaciones y servicios deportivos en los municipios afectados por la DANA, el Gobierno no han abonado todav\u00eda ni un solo euro de las 17 solicitudes que se han registrado\u00bb, critican desde la Administraci\u00f3n auton\u00f3mica, desde don de finalizan asegurado que el Gobierno central \u00abtambi\u00e9n ha incumplido su promesa de prorrogar la prestaci\u00f3n por cese temporal de actividad para los trabajadores aut\u00f3nomos en la provincia de Valencia afectados por la DANA; esta promesa la realiz\u00f3 el Ministerio de Econom\u00eda el pasado mes de enero, y 8 meses despu\u00e9s se sigue sin noticias de la puesta en marcha de la citada medida. Esto afecta a unos 5.000 trabajadores aut\u00f3nomos valencianos\u00bb.<\/p>\n","protected":false},"excerpt":{"rendered":"<div class=\"mh-excerpt\">Aseguran que las ayudas abonadas por la Administraci\u00f3n central a los distintos colectivos \u00abllegan s\u00f3lo a los 2.600 millones de euros\u00bb. Desde la Administraci\u00f3n auton\u00f3mica acusan al Gobierno central de \u00abdar en el \u00faltimo mes <a class=\"mh-excerpt-more\" href=\"https:\/\/www.tucomarca.com\/wordpress\/segunda\/critican-desde-el-consell-que-el-gobierno-central-siga-hinchando-las-cifras-sobre-las-ayudas-pagadas-a-los-afectados-de-la-dana\/\" title=\"Critican desde el Consell que el Gobierno central \u00absiga hinchando las cifras\u00bb sobre las ayudas pagadas a los afectados de la DANA\">[+] <\/a><\/div>\n","protected":false},"author":1,"featured_media":244547,"comment_status":"open","ping_status":"open","sticky":false,"template":"","format":"standard","meta":{"footnotes":""},"categories":[21465,128,8,72,117,142,3,116,45],"tags":[366,2163,12831,2142],"class_list":{"0":"post-277437","1":"post","2":"type-post","3":"status-publish","4":"format-standard","5":"has-post-thumbnail","7":"category-dana","8":"category-infraestructuras","9":"category-la-comarca","10":"category-sin-categorizar","11":"category-medio-ambiente-la-comarca","12":"category-politica-la-comarca","13":"category-seccion","14":"category-sucesos-la-comarca","15":"category-ventana","16":"tag-ayudas","17":"tag-consell","18":"tag-dana-2","19":"tag-la-comunitat"},"_links":{"self":[{"href":"https:\/\/www.tucomarca.com\/wordpress\/segunda\/wp-json\/wp\/v2\/posts\/277437","targetHints":{"allow":["GET"]}}],"collection":[{"href":"https:\/\/www.tucomarca.com\/wordpress\/segunda\/wp-json\/wp\/v2\/posts"}],"about":[{"href":"https:\/\/www.tucomarca.com\/wordpress\/segunda\/wp-json\/wp\/v2\/types\/post"}],"author":[{"embeddable":true,"href":"https:\/\/www.tucomarca.com\/wordpress\/segunda\/wp-json\/wp\/v2\/users\/1"}],"replies":[{"embeddable":true,"href":"https:\/\/www.tucomarca.com\/wordpress\/segunda\/wp-json\/wp\/v2\/comments?post=277437"}],"version-history":[{"count":0,"href":"https:\/\/www.tucomarca.com\/wordpress\/segunda\/wp-json\/wp\/v2\/posts\/277437\/revisions"}],"wp:featuredmedia":[{"embeddable":true,"href":"https:\/\/www.tucomarca.com\/wordpress\/segunda\/wp-json\/wp\/v2\/media\/244547"}],"wp:attachment":[{"href":"https:\/\/www.tucomarca.com\/wordpress\/segunda\/wp-json\/wp\/v2\/media?parent=277437"}],"wp:term":[{"taxonomy":"category","embeddable":true,"href":"https:\/\/www.tucomarca.com\/wordpress\/segunda\/wp-json\/wp\/v2\/categories?post=277437"},{"taxonomy":"post_tag","embeddable":true,"href":"https:\/\/www.tucomarca.com\/wordpress\/segunda\/wp-json\/wp\/v2\/tags?post=277437"}],"curies":[{"name":"wp","href":"https:\/\/api.w.org\/{rel}","templated":true}]}}