{"id":27811,"date":"2014-06-04T11:29:48","date_gmt":"2014-06-04T08:29:48","guid":{"rendered":"http:\/\/www.tucomarca.com\/wordpress\/segunda\/?p=27811"},"modified":"2014-06-04T11:29:48","modified_gmt":"2014-06-04T08:29:48","slug":"presentacion-de-la-campana-mi-cuenta-ambiental-en-ribarroja","status":"publish","type":"post","link":"https:\/\/www.tucomarca.com\/wordpress\/segunda\/presentacion-de-la-campana-mi-cuenta-ambiental-en-ribarroja\/","title":{"rendered":"Presentaci\u00f3n de la campa\u00f1a Mi Cuenta Ambiental en Ribarroja"},"content":{"rendered":"<p>Hoy, mi\u00e9rcoles 4 de junio, a las 20.00 horas, tendr\u00e1 lugar, en el Sal\u00f3n de Plenos del Ayuntamiento de Ribarroja del T\u00faria, el acto de presentaci\u00f3n a los vecinos de la campa\u00f1a Mi Cuenta Ambiental del Consorcio Valencia Interior, contando con la presencia del presidente del CVI, Javier Cervera, y del alcalde del municipio, Francisco Tarazona.<br \/>\nLa tarjeta verde de Mi Cuenta Ambiental es una iniciativa pionera que distingue al ente gestor de los residuos de esta zona de la Comunidad Valenciana. Con el uso de la tarjeta individual del Consorcio Valencia Interior en los Ecoparques, fijos y m\u00f3viles, cada usuario puede ahorrar hasta el 50% en el recibo anual de la tasa por tratamiento de residuos.  Cada vez que una vecina o vecino de Ribarroja, y del resto de municipios de las cinco comarcas que integran el CVI, acuda al Ecoparque a reciclar ir\u00e1 acumulando puntos, seg\u00fan la cantidad y tipolog\u00eda de los residuos depositados. Estos puntos se convierten, al finalizar el a\u00f1o, en euros a descontar de sus recibos. La tarjeta de Mi Cuenta Ambiental, totalmente gratuita, se solicita en los Ecoparques y Ecom\u00f3viles pudiendo acceder a ella todos los ciudadanos o empresas que pagan la tasa por tratamiento de residuos dom\u00e9sticos.<br \/>\nCon la puesta en marcha de Mi Cuenta Ambiental y la aplicaci\u00f3n de estas medidas el Consorcio Valencia Interior tiene como principales objetivos facilitar el ahorro dom\u00e9stico y promover una mayor concienciaci\u00f3n ante el reciclaje y las buenas pr\u00e1cticas ambientales. La colaboraci\u00f3n ciudadana es fundamental en todo el proceso de gesti\u00f3n y reciclaje de los residuos que generamos, adem\u00e1s de los beneficios que implica para el medio ambiente.<\/p>\n","protected":false},"excerpt":{"rendered":"<div class=\"mh-excerpt\">Hoy, mi\u00e9rcoles 4 de junio, a las 20.00 horas, tendr\u00e1 lugar, en el Sal\u00f3n de Plenos del Ayuntamiento de Ribarroja del T\u00faria, el acto de presentaci\u00f3n a los vecinos de la campa\u00f1a Mi Cuenta Ambiental <a class=\"mh-excerpt-more\" href=\"https:\/\/www.tucomarca.com\/wordpress\/segunda\/presentacion-de-la-campana-mi-cuenta-ambiental-en-ribarroja\/\" title=\"Presentaci\u00f3n de la campa\u00f1a Mi Cuenta Ambiental en Ribarroja\">[+] <\/a><\/div>\n","protected":false},"author":2,"featured_media":0,"comment_status":"open","ping_status":"open","sticky":false,"template":"","format":"standard","meta":{"footnotes":""},"categories":[46,8,117,182,3],"tags":[417,1768,614,561],"class_list":{"0":"post-27811","1":"post","2":"type-post","3":"status-publish","4":"format-standard","6":"category-camp-de-turia","7":"category-la-comarca","8":"category-medio-ambiente-la-comarca","9":"category-riba-roja","10":"category-seccion","11":"tag-consorcio-valencia-interior","12":"tag-mi-cuenta-ambiental","13":"tag-presentacion","14":"tag-ribarroja"},"_links":{"self":[{"href":"https:\/\/www.tucomarca.com\/wordpress\/segunda\/wp-json\/wp\/v2\/posts\/27811","targetHints":{"allow":["GET"]}}],"collection":[{"href":"https:\/\/www.tucomarca.com\/wordpress\/segunda\/wp-json\/wp\/v2\/posts"}],"about":[{"href":"https:\/\/www.tucomarca.com\/wordpress\/segunda\/wp-json\/wp\/v2\/types\/post"}],"author":[{"embeddable":true,"href":"https:\/\/www.tucomarca.com\/wordpress\/segunda\/wp-json\/wp\/v2\/users\/2"}],"replies":[{"embeddable":true,"href":"https:\/\/www.tucomarca.com\/wordpress\/segunda\/wp-json\/wp\/v2\/comments?post=27811"}],"version-history":[{"count":0,"href":"https:\/\/www.tucomarca.com\/wordpress\/segunda\/wp-json\/wp\/v2\/posts\/27811\/revisions"}],"wp:attachment":[{"href":"https:\/\/www.tucomarca.com\/wordpress\/segunda\/wp-json\/wp\/v2\/media?parent=27811"}],"wp:term":[{"taxonomy":"category","embeddable":true,"href":"https:\/\/www.tucomarca.com\/wordpress\/segunda\/wp-json\/wp\/v2\/categories?post=27811"},{"taxonomy":"post_tag","embeddable":true,"href":"https:\/\/www.tucomarca.com\/wordpress\/segunda\/wp-json\/wp\/v2\/tags?post=27811"}],"curies":[{"name":"wp","href":"https:\/\/api.w.org\/{rel}","templated":true}]}}