{"id":278214,"date":"2025-09-03T09:00:00","date_gmt":"2025-09-03T07:00:00","guid":{"rendered":"https:\/\/www.tucomarca.com\/wordpress\/segunda\/?p=278214"},"modified":"2025-09-03T18:27:56","modified_gmt":"2025-09-03T16:27:56","slug":"las-amas-de-casa-de-turis-celebran-su-cena-de-inicio-de-curso-con-reconocimientos-y-buen-ambiente","status":"publish","type":"post","link":"https:\/\/www.tucomarca.com\/wordpress\/segunda\/las-amas-de-casa-de-turis-celebran-su-cena-de-inicio-de-curso-con-reconocimientos-y-buen-ambiente\/","title":{"rendered":"Las Amas de Casa de Tur\u00eds celebran su cena de inicio de curso con reconocimientos y buen ambiente"},"content":{"rendered":"\n<p>La pasada semana, la Asociaci\u00f3n de Amas de Casa celebr\u00f3 su tradicional cena de inicio de curso en un ambiente festivo y de convivencia. Al encuentro asistieron tambi\u00e9n el alcalde y miembros de la corporaci\u00f3n municipal, que acompa\u00f1aron a las socias en esta cita tan especial.<\/p>\n\n\n\n<p>Durante la velada se rindi\u00f3 homenaje a&nbsp;<strong>Lola Gonz\u00e1lez<\/strong>, una de las integrantes m\u00e1s veteranas de la asociaci\u00f3n, en un emotivo reconocimiento a su trayectoria y compromiso.<\/p>\n\n\n\n<p>Adem\u00e1s, el Ayuntamiento, a trav\u00e9s de la Concejal\u00eda de Servicios Sociales, obsequi\u00f3 a los presentes con una botella de cerveza local&nbsp;<strong>Obsidiana<\/strong>, mientras que&nbsp;<strong>Caixatur\u00eds<\/strong>&nbsp;reparti\u00f3 bolsas plegables y la asociaci\u00f3n entreg\u00f3 una planta como recuerdo del acto.<\/p>\n\n\n\n<figure class=\"wp-block-gallery has-nested-images columns-2 is-cropped wp-block-gallery-1 is-layout-flex wp-block-gallery-is-layout-flex\">\n<figure class=\"wp-block-image size-large\"><img loading=\"lazy\" decoding=\"async\" width=\"1024\" height=\"461\" data-id=\"278217\" src=\"https:\/\/www.tucomarca.com\/wordpress\/segunda\/wp-content\/uploads\/2025\/09\/Turis_AmasDeCasa02-1024x461.jpeg\" alt=\"\" class=\"wp-image-278217\" srcset=\"https:\/\/www.tucomarca.com\/wordpress\/segunda\/wp-content\/uploads\/2025\/09\/Turis_AmasDeCasa02-1024x461.jpeg 1024w, https:\/\/www.tucomarca.com\/wordpress\/segunda\/wp-content\/uploads\/2025\/09\/Turis_AmasDeCasa02-300x135.jpeg 300w, https:\/\/www.tucomarca.com\/wordpress\/segunda\/wp-content\/uploads\/2025\/09\/Turis_AmasDeCasa02-768x346.jpeg 768w, https:\/\/www.tucomarca.com\/wordpress\/segunda\/wp-content\/uploads\/2025\/09\/Turis_AmasDeCasa02-1536x691.jpeg 1536w, https:\/\/www.tucomarca.com\/wordpress\/segunda\/wp-content\/uploads\/2025\/09\/Turis_AmasDeCasa02.jpeg 2000w\" sizes=\"auto, (max-width: 1024px) 100vw, 1024px\" \/><\/figure>\n\n\n\n<figure class=\"wp-block-image size-large\"><img loading=\"lazy\" decoding=\"async\" width=\"1024\" height=\"461\" data-id=\"278215\" src=\"https:\/\/www.tucomarca.com\/wordpress\/segunda\/wp-content\/uploads\/2025\/09\/Turis_AmasDeCasa01-1024x461.jpeg\" alt=\"\" class=\"wp-image-278215\" srcset=\"https:\/\/www.tucomarca.com\/wordpress\/segunda\/wp-content\/uploads\/2025\/09\/Turis_AmasDeCasa01-1024x461.jpeg 1024w, https:\/\/www.tucomarca.com\/wordpress\/segunda\/wp-content\/uploads\/2025\/09\/Turis_AmasDeCasa01-300x135.jpeg 300w, https:\/\/www.tucomarca.com\/wordpress\/segunda\/wp-content\/uploads\/2025\/09\/Turis_AmasDeCasa01-768x346.jpeg 768w, https:\/\/www.tucomarca.com\/wordpress\/segunda\/wp-content\/uploads\/2025\/09\/Turis_AmasDeCasa01-1536x691.jpeg 1536w, https:\/\/www.tucomarca.com\/wordpress\/segunda\/wp-content\/uploads\/2025\/09\/Turis_AmasDeCasa01.jpeg 1600w\" sizes=\"auto, (max-width: 1024px) 100vw, 1024px\" \/><\/figure>\n<\/figure>\n","protected":false},"excerpt":{"rendered":"<div class=\"mh-excerpt\">La pasada semana, la Asociaci\u00f3n de Amas de Casa celebr\u00f3 su tradicional cena de inicio de curso en un ambiente festivo y de convivencia. Al encuentro asistieron tambi\u00e9n el alcalde y miembros de la corporaci\u00f3n <a class=\"mh-excerpt-more\" href=\"https:\/\/www.tucomarca.com\/wordpress\/segunda\/las-amas-de-casa-de-turis-celebran-su-cena-de-inicio-de-curso-con-reconocimientos-y-buen-ambiente\/\" title=\"Las Amas de Casa de Tur\u00eds celebran su cena de inicio de curso con reconocimientos y buen ambiente\">[+] <\/a><\/div>\n","protected":false},"author":13,"featured_media":278219,"comment_status":"open","ping_status":"open","sticky":false,"template":"","format":"gallery","meta":{"footnotes":""},"categories":[8,42,7,3,43],"tags":[3640,15855,10394],"class_list":{"0":"post-278214","1":"post","2":"type-post","3":"status-publish","4":"format-gallery","5":"has-post-thumbnail","7":"category-la-comarca","8":"category-la-ribera","9":"category-ocio-y-cultura","10":"category-seccion","11":"category-turis","12":"tag-la-ribera-alta","13":"tag-ocio-y-cultura","14":"tag-turis","15":"post_format-post-format-gallery"},"_links":{"self":[{"href":"https:\/\/www.tucomarca.com\/wordpress\/segunda\/wp-json\/wp\/v2\/posts\/278214","targetHints":{"allow":["GET"]}}],"collection":[{"href":"https:\/\/www.tucomarca.com\/wordpress\/segunda\/wp-json\/wp\/v2\/posts"}],"about":[{"href":"https:\/\/www.tucomarca.com\/wordpress\/segunda\/wp-json\/wp\/v2\/types\/post"}],"author":[{"embeddable":true,"href":"https:\/\/www.tucomarca.com\/wordpress\/segunda\/wp-json\/wp\/v2\/users\/13"}],"replies":[{"embeddable":true,"href":"https:\/\/www.tucomarca.com\/wordpress\/segunda\/wp-json\/wp\/v2\/comments?post=278214"}],"version-history":[{"count":0,"href":"https:\/\/www.tucomarca.com\/wordpress\/segunda\/wp-json\/wp\/v2\/posts\/278214\/revisions"}],"wp:featuredmedia":[{"embeddable":true,"href":"https:\/\/www.tucomarca.com\/wordpress\/segunda\/wp-json\/wp\/v2\/media\/278219"}],"wp:attachment":[{"href":"https:\/\/www.tucomarca.com\/wordpress\/segunda\/wp-json\/wp\/v2\/media?parent=278214"}],"wp:term":[{"taxonomy":"category","embeddable":true,"href":"https:\/\/www.tucomarca.com\/wordpress\/segunda\/wp-json\/wp\/v2\/categories?post=278214"},{"taxonomy":"post_tag","embeddable":true,"href":"https:\/\/www.tucomarca.com\/wordpress\/segunda\/wp-json\/wp\/v2\/tags?post=278214"}],"curies":[{"name":"wp","href":"https:\/\/api.w.org\/{rel}","templated":true}]}}