{"id":278476,"date":"2025-09-05T10:00:00","date_gmt":"2025-09-05T08:00:00","guid":{"rendered":"https:\/\/www.tucomarca.com\/wordpress\/segunda\/?p=278476"},"modified":"2025-09-05T14:21:44","modified_gmt":"2025-09-05T12:21:44","slug":"el-ayuntamiento-de-utiel-adquiere-mas-de-300-metros-de-terreno-en-la-zona-de-la-mesilla-para-iniciar-un-proyecto-integral-de-reurbanizacion","status":"publish","type":"post","link":"https:\/\/www.tucomarca.com\/wordpress\/segunda\/el-ayuntamiento-de-utiel-adquiere-mas-de-300-metros-de-terreno-en-la-zona-de-la-mesilla-para-iniciar-un-proyecto-integral-de-reurbanizacion\/","title":{"rendered":"El Ayuntamiento de Utiel adquiere m\u00e1s de 300 metros de terreno en la zona de la Mesilla para iniciar un proyecto integral de reurbanizaci\u00f3n"},"content":{"rendered":"\n<p>El Ayuntamiento de Utiel ha adquirido 344 metros cuadrados de terreno en las inmedaciones de la Mesilla para materializar un proyecto integral de reurbanizaci\u00f3n dentro del&nbsp; Plan General de Ordenaci\u00f3n Urbana del municipio de Utiel.<\/p>\n\n\n\n<p>Un espacio que ocupaban&nbsp; dos viviendas en estado ruinoso tras el paso de las inundaciones y que el&nbsp; consistorio ha derruido para habilitar inicialmente&nbsp; una explanada y barajar diferentes opciones de proyectos a ejecutar.<\/p>\n\n\n\n<p>Una actuaci\u00f3n dirigida a reconstruir y reurbanizar una zona especialmente afectada por la DANA que adem\u00e1s se convierte en una de las arterias de circulaci\u00f3n m\u00e1s importantes del municipio.<\/p>\n\n\n\n<p>Con esta primera intervenci\u00f3n de acondicionamiento de la explanada, se pretende evitar incidentes en esa zona y adecuar&nbsp; un espacio especialmente transitado de cara a la celebraci\u00f3n del recibimiento de la Virgen del Remedio el pr\u00f3ximo s\u00e1bado 6 de septiembre.<\/p>\n","protected":false},"excerpt":{"rendered":"<div class=\"mh-excerpt\">El Ayuntamiento de Utiel ha adquirido 344 metros cuadrados de terreno en las inmedaciones de la Mesilla para materializar un proyecto integral de reurbanizaci\u00f3n dentro del&nbsp; Plan General de Ordenaci\u00f3n Urbana del municipio de Utiel. <a class=\"mh-excerpt-more\" href=\"https:\/\/www.tucomarca.com\/wordpress\/segunda\/el-ayuntamiento-de-utiel-adquiere-mas-de-300-metros-de-terreno-en-la-zona-de-la-mesilla-para-iniciar-un-proyecto-integral-de-reurbanizacion\/\" title=\"El Ayuntamiento de Utiel adquiere m\u00e1s de 300 metros de terreno en la zona de la Mesilla para iniciar un proyecto integral de reurbanizaci\u00f3n\">[+] <\/a><\/div>\n","protected":false},"author":12,"featured_media":278478,"comment_status":"open","ping_status":"open","sticky":false,"template":"","format":"standard","meta":{"footnotes":""},"categories":[128,8,117,142,27,3,29],"tags":[14214,10387],"class_list":{"0":"post-278476","1":"post","2":"type-post","3":"status-publish","4":"format-standard","5":"has-post-thumbnail","7":"category-infraestructuras","8":"category-la-comarca","9":"category-medio-ambiente-la-comarca","10":"category-politica-la-comarca","11":"category-requena-utiel","12":"category-seccion","13":"category-utiel","14":"tag-acceso-utiel-este","15":"tag-requena-utiel"},"_links":{"self":[{"href":"https:\/\/www.tucomarca.com\/wordpress\/segunda\/wp-json\/wp\/v2\/posts\/278476","targetHints":{"allow":["GET"]}}],"collection":[{"href":"https:\/\/www.tucomarca.com\/wordpress\/segunda\/wp-json\/wp\/v2\/posts"}],"about":[{"href":"https:\/\/www.tucomarca.com\/wordpress\/segunda\/wp-json\/wp\/v2\/types\/post"}],"author":[{"embeddable":true,"href":"https:\/\/www.tucomarca.com\/wordpress\/segunda\/wp-json\/wp\/v2\/users\/12"}],"replies":[{"embeddable":true,"href":"https:\/\/www.tucomarca.com\/wordpress\/segunda\/wp-json\/wp\/v2\/comments?post=278476"}],"version-history":[{"count":0,"href":"https:\/\/www.tucomarca.com\/wordpress\/segunda\/wp-json\/wp\/v2\/posts\/278476\/revisions"}],"wp:featuredmedia":[{"embeddable":true,"href":"https:\/\/www.tucomarca.com\/wordpress\/segunda\/wp-json\/wp\/v2\/media\/278478"}],"wp:attachment":[{"href":"https:\/\/www.tucomarca.com\/wordpress\/segunda\/wp-json\/wp\/v2\/media?parent=278476"}],"wp:term":[{"taxonomy":"category","embeddable":true,"href":"https:\/\/www.tucomarca.com\/wordpress\/segunda\/wp-json\/wp\/v2\/categories?post=278476"},{"taxonomy":"post_tag","embeddable":true,"href":"https:\/\/www.tucomarca.com\/wordpress\/segunda\/wp-json\/wp\/v2\/tags?post=278476"}],"curies":[{"name":"wp","href":"https:\/\/api.w.org\/{rel}","templated":true}]}}