{"id":278532,"date":"2025-09-05T11:30:00","date_gmt":"2025-09-05T09:30:00","guid":{"rendered":"https:\/\/www.tucomarca.com\/wordpress\/segunda\/?p=278532"},"modified":"2025-09-05T20:07:22","modified_gmt":"2025-09-05T18:07:22","slug":"educacion-y-los-centros-de-algemesi-alfafar-y-massanassa-que-iran-a-aulas-prefabricadas-tras-la-riada-acuerdan-iniciar-el-curso-el-11-de-septiembre","status":"publish","type":"post","link":"https:\/\/www.tucomarca.com\/wordpress\/segunda\/educacion-y-los-centros-de-algemesi-alfafar-y-massanassa-que-iran-a-aulas-prefabricadas-tras-la-riada-acuerdan-iniciar-el-curso-el-11-de-septiembre\/","title":{"rendered":"Educaci\u00f3n y los centros de Algemes\u00ed, Alfafar y Massanassa que ir\u00e1n a aulas prefabricadas tras la riada acuerdan iniciar el curso el 11 de septiembre"},"content":{"rendered":"\n<h3 class=\"wp-block-heading\">La fecha se ha acordado con la comunidad educativa para que los centros puedan ultimar los detalles de organizaci\u00f3n pendientes y que las clases puedan iniciarse con normalidad.<\/h3>\n\n\n\n<p>La Conselleria de Educaci\u00f3n, Cultura, Universidades y Empleo y la comunidad educativa de los centros de Algemes\u00ed, Alfafar y Massanassa, que ir\u00e1n a aulas prefabricadas tras resultar afectados por la riada de octubre de 2024, han acordado iniciar el curso escolar 2025\/2026 el 11 de septiembre.<\/p>\n\n\n\n<p>La nueva fecha supone tan solo unos d\u00edas de diferencia respecto al inicio de curso oficial. As\u00ed, en Massanassa el alumnado de la escuela infantil Ausi\u00e0s March y del CEP Llu\u00eds Vives empezar\u00e1 en una misma ubicaci\u00f3n tres d\u00edas despu\u00e9s del 8 de septiembre. En el caso de Algemes\u00ed -CEIP Carme Miquel- y de Alfafar -CEIP l\u2019Orba-, se trata tan solo de dos d\u00edas de aplazamiento, dado que el d\u00eda 8 es festivo local en ambas localidades y el plan original era comenzar el d\u00eda 9.<\/p>\n\n\n\n<p>La decisi\u00f3n de empezar el 11 de septiembre se ha acordado para que los centros puedan disponer del tiempo necesario a la hora de ultimar detalles y que de este modo las clases puedan iniciarse con normalidad.<\/p>\n\n\n\n<p>Desde la Conselleria de Educaci\u00f3n se est\u00e1 haciendo un seguimiento exhaustivo de las instalaciones y se est\u00e1 en contacto constante con los ayuntamientos y equipos directivos para informar sobre la situaci\u00f3n de cada centro.<\/p>\n\n\n\n<p><a href=\"https:\/\/twitter.com\/generalitat\"><\/a><a href=\"https:\/\/www.youtube.com\/user\/PresidenciaGVA\"><\/a><a href=\"https:\/\/www.facebook.com\/generalitatvalenciana\"><\/a><a href=\"https:\/\/www.instagram.com\/generalitatvalenciana\"><\/a><\/p>\n","protected":false},"excerpt":{"rendered":"<div class=\"mh-excerpt\">La fecha se ha acordado con la comunidad educativa para que los centros puedan ultimar los detalles de organizaci\u00f3n pendientes y que las clases puedan iniciarse con normalidad. La Conselleria de Educaci\u00f3n, Cultura, Universidades y <a class=\"mh-excerpt-more\" href=\"https:\/\/www.tucomarca.com\/wordpress\/segunda\/educacion-y-los-centros-de-algemesi-alfafar-y-massanassa-que-iran-a-aulas-prefabricadas-tras-la-riada-acuerdan-iniciar-el-curso-el-11-de-septiembre\/\" title=\"Educaci\u00f3n y los centros de Algemes\u00ed, Alfafar y Massanassa que ir\u00e1n a aulas prefabricadas tras la riada acuerdan iniciar el curso el 11 de septiembre\">[+] <\/a><\/div>\n","protected":false},"author":12,"featured_media":278534,"comment_status":"open","ping_status":"open","sticky":false,"template":"","format":"standard","meta":{"footnotes":""},"categories":[99,21465,128,8,72,42,117,142,3,116,45],"tags":[10409,12831,3677,1407],"class_list":{"0":"post-278532","1":"post","2":"type-post","3":"status-publish","4":"format-standard","5":"has-post-thumbnail","7":"category-algemesi","8":"category-dana","9":"category-infraestructuras","10":"category-la-comarca","11":"category-sin-categorizar","12":"category-la-ribera","13":"category-medio-ambiente-la-comarca","14":"category-politica-la-comarca","15":"category-seccion","16":"category-sucesos-la-comarca","17":"category-ventana","18":"tag-algemesi","19":"tag-dana-2","20":"tag-diputacio-de-valencia","21":"tag-ribera-alta"},"_links":{"self":[{"href":"https:\/\/www.tucomarca.com\/wordpress\/segunda\/wp-json\/wp\/v2\/posts\/278532","targetHints":{"allow":["GET"]}}],"collection":[{"href":"https:\/\/www.tucomarca.com\/wordpress\/segunda\/wp-json\/wp\/v2\/posts"}],"about":[{"href":"https:\/\/www.tucomarca.com\/wordpress\/segunda\/wp-json\/wp\/v2\/types\/post"}],"author":[{"embeddable":true,"href":"https:\/\/www.tucomarca.com\/wordpress\/segunda\/wp-json\/wp\/v2\/users\/12"}],"replies":[{"embeddable":true,"href":"https:\/\/www.tucomarca.com\/wordpress\/segunda\/wp-json\/wp\/v2\/comments?post=278532"}],"version-history":[{"count":0,"href":"https:\/\/www.tucomarca.com\/wordpress\/segunda\/wp-json\/wp\/v2\/posts\/278532\/revisions"}],"wp:featuredmedia":[{"embeddable":true,"href":"https:\/\/www.tucomarca.com\/wordpress\/segunda\/wp-json\/wp\/v2\/media\/278534"}],"wp:attachment":[{"href":"https:\/\/www.tucomarca.com\/wordpress\/segunda\/wp-json\/wp\/v2\/media?parent=278532"}],"wp:term":[{"taxonomy":"category","embeddable":true,"href":"https:\/\/www.tucomarca.com\/wordpress\/segunda\/wp-json\/wp\/v2\/categories?post=278532"},{"taxonomy":"post_tag","embeddable":true,"href":"https:\/\/www.tucomarca.com\/wordpress\/segunda\/wp-json\/wp\/v2\/tags?post=278532"}],"curies":[{"name":"wp","href":"https:\/\/api.w.org\/{rel}","templated":true}]}}