{"id":278560,"date":"2025-09-08T09:45:00","date_gmt":"2025-09-08T07:45:00","guid":{"rendered":"https:\/\/www.tucomarca.com\/wordpress\/segunda\/?p=278560"},"modified":"2025-09-08T21:26:55","modified_gmt":"2025-09-08T19:26:55","slug":"la-artistica-de-bunol-abre-el-plazo-de-inscripcion-para-elegir-a-su-nuevo-director-musical","status":"publish","type":"post","link":"https:\/\/www.tucomarca.com\/wordpress\/segunda\/la-artistica-de-bunol-abre-el-plazo-de-inscripcion-para-elegir-a-su-nuevo-director-musical\/","title":{"rendered":"\u00abLa Art\u00edstica\u00bb de Bu\u00f1ol abre el plazo de inscripci\u00f3n para elegir a su nuevo Director Musical"},"content":{"rendered":"\n<h3 class=\"wp-block-heading\">La Sociedad Musical \u00abLa Art\u00edstica\u00bb de Bu\u00f1ol comienza una nueva etapa en su Banda Sinf\u00f3nica con la publicaci\u00f3n de las bases para las pruebas de selecci\u00f3n de su nuevo Director Musical.<\/h3>\n\n\n\n<p>La Banda Sinf\u00f3nica, compuesta por m\u00fasicos de diferentes edades y niveles de estudios musicales, desde amateurs a m\u00fasicos profesionales, tiene como objetivos principales el desarrollo musical y personal de sus miembros, as\u00ed como la preservaci\u00f3n del patrimonio cultural y musical de Bu\u00f1ol y nuestra Comunidad. Una labor que se enmarca en la programaci\u00f3n de diferentes conciertos y actuaciones, muchas de ellas en colaboraci\u00f3n con el Ayuntamiento de Bu\u00f1ol, siendo parte imprescindible de la vida cultural de la localidad.<br>En aras de continuar con esta labor social y cultural, la Sociedad Musical \u00abLa Art\u00edstica\u00b7 abre el proceso de selecci\u00f3n del que ser\u00e1 el nuevo Director Musical de su agrupaci\u00f3n sinf\u00f3nica, respaldado por el recientemente nombrado Director Art\u00edstico, Salvador Sebasti\u00e1.<br>Los aspirantes deber\u00e1n ser mayores de 25 a\u00f1os y estar en posesi\u00f3n del T\u00edtulo Superior de M\u00fasica en cualquier especialidad instrumental o en Direcci\u00f3n de Orquesta y\/o Banda de M\u00fasica. Dentro de las funciones de la figura del Director Musical destacan la gesti\u00f3n anual de la programaci\u00f3n de la Banda Sinf\u00f3nica, la organizaci\u00f3n de ensayos y conciertos, as\u00ed como la colaboraci\u00f3n con el resto de directores de las agrupaciones que se integran en la La Art\u00edstica.<br>El plazo de inscripci\u00f3n se abre el lunes 8 de septiembre, finalizando el d\u00eda 20 de septiembre. Los interesados deber\u00e1n remitir las instancias disponibles en la web de la Sociedad <em>www.laartistica.org<\/em> por correo electr\u00f3nico a la direcci\u00f3n <em>directorartistica2025@gmail.com<\/em>, junto con los requisitos exigidos.<br>Tras la finalizaci\u00f3n del plazo de presentaci\u00f3n de candidaturas, comenzar\u00e1n las fases de selecci\u00f3n por valoraci\u00f3n de m\u00e9ritos, curr\u00edculum y entrevista personal, decidiendo los candidatos que pasar\u00e1n a la prueba pr\u00e1ctica de direcci\u00f3n, en la que elegir\u00e1n el programa que trabajar\u00e1n con los m\u00fasicos \u201cFeos\u201d y que pondr\u00e1n sobre el escenario del Teatro Montecarlo, ofreciendo una serie de conciertos de los que saldr\u00e1 el pr\u00f3ximo Director Musical de la Banda Sinf\u00f3nica de \u00abLa Art\u00edstica\u00bb.<\/p>\n","protected":false},"excerpt":{"rendered":"<div class=\"mh-excerpt\">La Sociedad Musical \u00abLa Art\u00edstica\u00bb de Bu\u00f1ol comienza una nueva etapa en su Banda Sinf\u00f3nica con la publicaci\u00f3n de las bases para las pruebas de selecci\u00f3n de su nuevo Director Musical. La Banda Sinf\u00f3nica, compuesta <a class=\"mh-excerpt-more\" href=\"https:\/\/www.tucomarca.com\/wordpress\/segunda\/la-artistica-de-bunol-abre-el-plazo-de-inscripcion-para-elegir-a-su-nuevo-director-musical\/\" title=\"\u00abLa Art\u00edstica\u00bb de Bu\u00f1ol abre el plazo de inscripci\u00f3n para elegir a su nuevo Director Musical\">[+] <\/a><\/div>\n","protected":false},"author":12,"featured_media":278566,"comment_status":"open","ping_status":"open","sticky":false,"template":"","format":"standard","meta":{"footnotes":""},"categories":[18,66,8,10,7,3],"tags":[10385,5952,10559],"class_list":{"0":"post-278560","1":"post","2":"type-post","3":"status-publish","4":"format-standard","5":"has-post-thumbnail","7":"category-bunol","8":"category-musica","9":"category-la-comarca","10":"category-la-hoya","11":"category-ocio-y-cultura","12":"category-seccion","13":"tag-bunol","14":"tag-la-hoya-de-bunol-chiva","15":"tag-sm-la-artistica-de-bunol"},"_links":{"self":[{"href":"https:\/\/www.tucomarca.com\/wordpress\/segunda\/wp-json\/wp\/v2\/posts\/278560","targetHints":{"allow":["GET"]}}],"collection":[{"href":"https:\/\/www.tucomarca.com\/wordpress\/segunda\/wp-json\/wp\/v2\/posts"}],"about":[{"href":"https:\/\/www.tucomarca.com\/wordpress\/segunda\/wp-json\/wp\/v2\/types\/post"}],"author":[{"embeddable":true,"href":"https:\/\/www.tucomarca.com\/wordpress\/segunda\/wp-json\/wp\/v2\/users\/12"}],"replies":[{"embeddable":true,"href":"https:\/\/www.tucomarca.com\/wordpress\/segunda\/wp-json\/wp\/v2\/comments?post=278560"}],"version-history":[{"count":0,"href":"https:\/\/www.tucomarca.com\/wordpress\/segunda\/wp-json\/wp\/v2\/posts\/278560\/revisions"}],"wp:featuredmedia":[{"embeddable":true,"href":"https:\/\/www.tucomarca.com\/wordpress\/segunda\/wp-json\/wp\/v2\/media\/278566"}],"wp:attachment":[{"href":"https:\/\/www.tucomarca.com\/wordpress\/segunda\/wp-json\/wp\/v2\/media?parent=278560"}],"wp:term":[{"taxonomy":"category","embeddable":true,"href":"https:\/\/www.tucomarca.com\/wordpress\/segunda\/wp-json\/wp\/v2\/categories?post=278560"},{"taxonomy":"post_tag","embeddable":true,"href":"https:\/\/www.tucomarca.com\/wordpress\/segunda\/wp-json\/wp\/v2\/tags?post=278560"}],"curies":[{"name":"wp","href":"https:\/\/api.w.org\/{rel}","templated":true}]}}