{"id":278618,"date":"2025-09-08T11:00:00","date_gmt":"2025-09-08T09:00:00","guid":{"rendered":"https:\/\/www.tucomarca.com\/wordpress\/segunda\/?p=278618"},"modified":"2025-09-08T21:14:30","modified_gmt":"2025-09-08T19:14:30","slug":"comienza-el-curso-escolar-en-cheste","status":"publish","type":"post","link":"https:\/\/www.tucomarca.com\/wordpress\/segunda\/comienza-el-curso-escolar-en-cheste\/","title":{"rendered":"Comienza el curso escolar en Cheste"},"content":{"rendered":"\n<p>Hoy, lunes 8 de septiembre, ha empezado el curso escolar en Cheste sin incidencias en ninguno de los centros, con una cifra de matriculaci\u00f3n de 1.371 alumnas y alumnos y pr\u00e1cticamente la totalidad del profesorado incorporado.<\/p>\n\n\n\n<p><strong>Cifras por centros<\/strong><\/p>\n\n\n\n<p>La cifra de alumnado matriculado por centros es de 170, en el CEIP Vicente Blasco Ib\u00e1\u00f1ez; 170, en el Francisco Giner de los R\u00edos; 199, en el CEIP Ana Lluch, y 294, en el colegio San Jos\u00e9 de la Monta\u00f1a, contando con el alumnado de Secundaria de este centro concertado.&nbsp;<\/p>\n\n\n\n<p><strong>Aula UECO<\/strong><\/p>\n\n\n\n<p>Por su parte, el IES Ricardo Mar\u00edn ha comenzado el curso con 538 alumnos y alumnas. En este centro se ha creado un aula UECO (Unidad Espec\u00edfica en Centro Ordinario) para atender al alumnado con necesidades educativas especiales que requiere de una alta intensidad de apoyo, facilitando la inclusi\u00f3n educativa.<\/p>\n\n\n\n<p>El aula UECO cuenta con un\/a maestra\/o especialista en Pedagog\u00eda Terap\u00e9utica, un\/a especialista en audici\u00f3n y lenguaje y un\/a educador\/a de Educaci\u00f3n Especial.<\/p>\n\n\n\n<p>\u201cCon el inicio del nuevo curso escolar queremos dar la bienvenida a todo el alumnado, profesorado y familias, dese\u00e1ndoles un a\u00f1o lleno de aprendizajes, retos superados y nuevas oportunidades\u201d, ha declarado la concejala de Cultura, M\u00aa \u00c1ngeles Llorente. \u201cReafirmamos nuestro compromiso con una Educaci\u00f3n de calidad, equitativa e inclusiva, trabajando para que nuestros centros escolares cuenten con los recursos y el apoyo necesarios.\u00bb<\/p>\n\n\n\n<p><strong>Puesta a punto de las instalaciones<\/strong><\/p>\n\n\n\n<p>Desde la Concejal\u00eda de Servicios se han realizado tareas de limpieza de patios y revisi\u00f3n de los equipos el\u00e9ctricos para la puesta a punto de las instalaciones antes del inicio de curso. Adem\u00e1s, se ha realizado poda de los \u00e1rboles de los centros educativos.<\/p>\n","protected":false},"excerpt":{"rendered":"<div class=\"mh-excerpt\">Hoy, lunes 8 de septiembre, ha empezado el curso escolar en Cheste sin incidencias en ninguno de los centros, con una cifra de matriculaci\u00f3n de 1.371 alumnas y alumnos y pr\u00e1cticamente la totalidad del profesorado <a class=\"mh-excerpt-more\" href=\"https:\/\/www.tucomarca.com\/wordpress\/segunda\/comienza-el-curso-escolar-en-cheste\/\" title=\"Comienza el curso escolar en Cheste\">[+] <\/a><\/div>\n","protected":false},"author":13,"featured_media":140738,"comment_status":"open","ping_status":"open","sticky":false,"template":"","format":"standard","meta":{"footnotes":""},"categories":[17,8,10,7,3],"tags":[339,5952,12517],"class_list":{"0":"post-278618","1":"post","2":"type-post","3":"status-publish","4":"format-standard","5":"has-post-thumbnail","7":"category-cheste","8":"category-la-comarca","9":"category-la-hoya","10":"category-ocio-y-cultura","11":"category-seccion","12":"tag-cheste-2","13":"tag-la-hoya-de-bunol-chiva","14":"tag-vuelta-al-cole"},"_links":{"self":[{"href":"https:\/\/www.tucomarca.com\/wordpress\/segunda\/wp-json\/wp\/v2\/posts\/278618","targetHints":{"allow":["GET"]}}],"collection":[{"href":"https:\/\/www.tucomarca.com\/wordpress\/segunda\/wp-json\/wp\/v2\/posts"}],"about":[{"href":"https:\/\/www.tucomarca.com\/wordpress\/segunda\/wp-json\/wp\/v2\/types\/post"}],"author":[{"embeddable":true,"href":"https:\/\/www.tucomarca.com\/wordpress\/segunda\/wp-json\/wp\/v2\/users\/13"}],"replies":[{"embeddable":true,"href":"https:\/\/www.tucomarca.com\/wordpress\/segunda\/wp-json\/wp\/v2\/comments?post=278618"}],"version-history":[{"count":0,"href":"https:\/\/www.tucomarca.com\/wordpress\/segunda\/wp-json\/wp\/v2\/posts\/278618\/revisions"}],"wp:featuredmedia":[{"embeddable":true,"href":"https:\/\/www.tucomarca.com\/wordpress\/segunda\/wp-json\/wp\/v2\/media\/140738"}],"wp:attachment":[{"href":"https:\/\/www.tucomarca.com\/wordpress\/segunda\/wp-json\/wp\/v2\/media?parent=278618"}],"wp:term":[{"taxonomy":"category","embeddable":true,"href":"https:\/\/www.tucomarca.com\/wordpress\/segunda\/wp-json\/wp\/v2\/categories?post=278618"},{"taxonomy":"post_tag","embeddable":true,"href":"https:\/\/www.tucomarca.com\/wordpress\/segunda\/wp-json\/wp\/v2\/tags?post=278618"}],"curies":[{"name":"wp","href":"https:\/\/api.w.org\/{rel}","templated":true}]}}