{"id":278850,"date":"2025-09-10T09:00:00","date_gmt":"2025-09-10T07:00:00","guid":{"rendered":"https:\/\/www.tucomarca.com\/wordpress\/segunda\/?p=278850"},"modified":"2025-09-10T17:39:53","modified_gmt":"2025-09-10T15:39:53","slug":"el-primer-montaje-de-la-placa-de-bous-de-algemesi-tras-la-dana-refuerza-las-revisiones-tecnicas-de-seguridad","status":"publish","type":"post","link":"https:\/\/www.tucomarca.com\/wordpress\/segunda\/el-primer-montaje-de-la-placa-de-bous-de-algemesi-tras-la-dana-refuerza-las-revisiones-tecnicas-de-seguridad\/","title":{"rendered":"El primer montaje de la Pla\u00e7a de Bous de Algemes\u00ed tras la DANA refuerza las revisiones t\u00e9cnicas de seguridad"},"content":{"rendered":"\n<h3 class=\"wp-block-heading\">MasQueIngenieros asume la direcci\u00f3n t\u00e9cnica del proceso de montaje para garantizar la seguridad y la correcta ejecuci\u00f3n de esta infraestructura ef\u00edmera que acoge los actos de la Semana Taurina del 19 al 28 de septiembre.<\/h3>\n\n\n\n<h3 class=\"wp-block-heading\">La revisi\u00f3n de piezas potencialmente da\u00f1adas por el agua se ha de realizar con especial minuciosidad antes de formar los 29 cadafales que conforman la plaza.<\/h3>\n\n\n\n<p>La Plaza Mayor de Algemes\u00ed acoge desde ayer, y hasta el pr\u00f3ximo 19 septiembre, el&nbsp;<strong>tradicional montaje de la Pla\u00e7a de Bous<\/strong>, una construcci\u00f3n secular que se levanta cada a\u00f1o con motivo de la Semana Taurina.&nbsp;<\/p>\n\n\n\n<p>Esta edici\u00f3n adquiere un valor a\u00f1adido, al tratarse del primer montaje tras la&nbsp;<strong>DANA del 29 de octubre de 2024<\/strong>&nbsp;que afect\u00f3 a zonas de la localidad se almacenan las maderas durante todo el a\u00f1o. Por ello, la&nbsp;<strong>revisi\u00f3n de piezas potencialmente da\u00f1adas por el agua<\/strong>&nbsp;se ha de realizar con especial minuciosidad. En este sentido, la direcci\u00f3n t\u00e9cnica del proceso corre a cargo de la ingenier\u00eda valenciana&nbsp;<strong>MasQueIngenieros<\/strong>, que garantizar\u00e1 la seguridad y correcta ejecuci\u00f3n de esta infraestructura temporal.&nbsp;<\/p>\n\n\n\n<p>El trabajo t\u00e9cnico incluye la supervisi\u00f3n del montaje conforme a la memoria constructiva y a las normas hist\u00f3ricamente establecidas, la fiscalizaci\u00f3n del estado de los elementos estructurales \u2013especialmente maderas y cuerdas\u2013, la comprobaci\u00f3n de los nudos y atados, as\u00ed como la resoluci\u00f3n de posibles incidencias durante los trabajos.&nbsp;<\/p>\n\n\n\n<p>Una vez concluido el proceso, MasQueIngenieros emitir\u00e1 el&nbsp;<strong>certificado de montaje<\/strong>, requisito imprescindible para la autorizaci\u00f3n de los espect\u00e1culos taurinos y musicales nocturnos que acoger\u00e1 el municipio desde el mismo d\u00eda 19 hasta el pr\u00f3ximo 28 de septiembre.<\/p>\n\n\n\n<p><strong>Tradici\u00f3n, ingenier\u00eda y seguridad<\/strong><\/p>\n\n\n\n<p>Seg\u00fan explica&nbsp;<strong>Jorge Pi<\/strong>, director t\u00e9cnico de&nbsp;MasQueIngenieros&nbsp;\u201cnuestro papel pasa por aportar una visi\u00f3n t\u00e9cnica a un montaje que combina tradici\u00f3n, ingenier\u00eda y seguridad. Nos aseguramos de que cada elemento cumpla los est\u00e1ndares establecidos y de que la plaza est\u00e9 lista para acoger con garant\u00edas tanto a los participantes como al p\u00fablico\u201d.<\/p>\n\n\n\n<p>Por su parte, el concejal de Turismo, Fiestas y Tradiciones,&nbsp;<strong>Natxo Silvestre<\/strong>, sobre la relevancia cultural y patrimonial del montaje explica que \u201cla plaza no solo es un espacio para los festejos, es un s\u00edmbolo de identidad para Algemes\u00ed. Contar con un equipo t\u00e9cnico especializado es clave para preservar esta tradici\u00f3n y adaptarla a los requisitos de seguridad actuales\u201d.<\/p>\n\n\n\n<p>El alcalde,&nbsp;<strong>Jos\u00e9 Javier Sanchis Bretones<\/strong>, destaca el esfuerzo colectivo que hace posible la construcci\u00f3n: \u201cEl montaje de la Pla\u00e7a de Bous es fruto del trabajo conjunto de vecinos, comisiones y t\u00e9cnicos. Representa la fuerza de nuestras tradiciones, pero tambi\u00e9n nuestro&nbsp;<strong>compromiso con la seguridad y el bienestar<\/strong>&nbsp;de quienes disfrutan de ellas\u201d.<\/p>\n\n\n\n<p><strong>Un sistema de 29 cadafales transmitido de generaci\u00f3n en generaci\u00f3n<\/strong><\/p>\n\n\n\n<p>La Pla\u00e7a de Bous de Algemes\u00ed est\u00e1 formada por&nbsp;<strong>29 cadafales<\/strong>&nbsp;construidos y custodiados el resto del a\u00f1o de manera independiente por los vecinos, que siguen un sistema legado de generaci\u00f3n en generaci\u00f3n. La singularidad de esta construcci\u00f3n ha convertido al montaje en un atractivo en s\u00ed mismo, que re\u00fane cada a\u00f1o a vecindad y visitantes en la Pla\u00e7a Major para presenciar el levantamiento de la estructura.<\/p>\n\n\n\n<p><strong>Normas t\u00e9cnicas para el montaje<\/strong><\/p>\n\n\n\n<p>Adem\u00e1s, la instalaci\u00f3n de la Pla\u00e7a de Bous se rige por unas&nbsp;<strong>normas t\u00e9cnicas estrictas<\/strong>, supervisadas por la Comisi\u00f3n Taurina y el equipo t\u00e9cnico responsable. Cada&nbsp;<em>cadafal&nbsp;<\/em>se construye de manera independiente, con estabilidad propia, a partir de materiales tradicionales como madera y cuerda, con medidas precisas de dimensiones, accesos y evacuaci\u00f3n. Durante el proceso se realizan inspecciones estructurales y de acabado, \u201csin las cuales no se puede continuar con el montaje\u201d, explica Pi.<\/p>\n\n\n\n<p>En materia de seguridad, se establece el uso obligatorio de equipos de protecci\u00f3n individual, la delimitaci\u00f3n de zonas de trabajo y de tr\u00e1nsito, as\u00ed como la prohibici\u00f3n de apoyarse en fachadas o estructuras ajenas. Los veh\u00edculos deben circular a baja velocidad, las piezas defectuosas son rechazadas, y se emplean andamios y protecciones colectivas para trabajos en altura. Estas medidas buscan garantizar que la tradici\u00f3n se mantenga con la m\u00e1xima seguridad para vecinos, montadores y espectadores.<\/p>\n","protected":false},"excerpt":{"rendered":"<div class=\"mh-excerpt\">MasQueIngenieros asume la direcci\u00f3n t\u00e9cnica del proceso de montaje para garantizar la seguridad y la correcta ejecuci\u00f3n de esta infraestructura ef\u00edmera que acoge los actos de la Semana Taurina del 19 al 28 de septiembre. <a class=\"mh-excerpt-more\" href=\"https:\/\/www.tucomarca.com\/wordpress\/segunda\/el-primer-montaje-de-la-placa-de-bous-de-algemesi-tras-la-dana-refuerza-las-revisiones-tecnicas-de-seguridad\/\" title=\"El primer montaje de la Pla\u00e7a de Bous de Algemes\u00ed tras la DANA refuerza las revisiones t\u00e9cnicas de seguridad\">[+] <\/a><\/div>\n","protected":false},"author":12,"featured_media":278854,"comment_status":"open","ping_status":"open","sticky":false,"template":"","format":"standard","meta":{"footnotes":""},"categories":[99,21465,128,8,72,42,3,116],"tags":[10409,1407],"class_list":{"0":"post-278850","1":"post","2":"type-post","3":"status-publish","4":"format-standard","5":"has-post-thumbnail","7":"category-algemesi","8":"category-dana","9":"category-infraestructuras","10":"category-la-comarca","11":"category-sin-categorizar","12":"category-la-ribera","13":"category-seccion","14":"category-sucesos-la-comarca","15":"tag-algemesi","16":"tag-ribera-alta"},"_links":{"self":[{"href":"https:\/\/www.tucomarca.com\/wordpress\/segunda\/wp-json\/wp\/v2\/posts\/278850","targetHints":{"allow":["GET"]}}],"collection":[{"href":"https:\/\/www.tucomarca.com\/wordpress\/segunda\/wp-json\/wp\/v2\/posts"}],"about":[{"href":"https:\/\/www.tucomarca.com\/wordpress\/segunda\/wp-json\/wp\/v2\/types\/post"}],"author":[{"embeddable":true,"href":"https:\/\/www.tucomarca.com\/wordpress\/segunda\/wp-json\/wp\/v2\/users\/12"}],"replies":[{"embeddable":true,"href":"https:\/\/www.tucomarca.com\/wordpress\/segunda\/wp-json\/wp\/v2\/comments?post=278850"}],"version-history":[{"count":0,"href":"https:\/\/www.tucomarca.com\/wordpress\/segunda\/wp-json\/wp\/v2\/posts\/278850\/revisions"}],"wp:featuredmedia":[{"embeddable":true,"href":"https:\/\/www.tucomarca.com\/wordpress\/segunda\/wp-json\/wp\/v2\/media\/278854"}],"wp:attachment":[{"href":"https:\/\/www.tucomarca.com\/wordpress\/segunda\/wp-json\/wp\/v2\/media?parent=278850"}],"wp:term":[{"taxonomy":"category","embeddable":true,"href":"https:\/\/www.tucomarca.com\/wordpress\/segunda\/wp-json\/wp\/v2\/categories?post=278850"},{"taxonomy":"post_tag","embeddable":true,"href":"https:\/\/www.tucomarca.com\/wordpress\/segunda\/wp-json\/wp\/v2\/tags?post=278850"}],"curies":[{"name":"wp","href":"https:\/\/api.w.org\/{rel}","templated":true}]}}