{"id":278909,"date":"2025-09-11T17:00:00","date_gmt":"2025-09-11T15:00:00","guid":{"rendered":"https:\/\/www.tucomarca.com\/wordpress\/segunda\/?p=278909"},"modified":"2025-09-11T00:36:21","modified_gmt":"2025-09-10T22:36:21","slug":"el-pabellon-municipal-de-el-planell-acoge-este-sabado-el-trofeo-nacional-de-gimnasia-ritmica-bunol-turis-montserrat","status":"publish","type":"post","link":"https:\/\/www.tucomarca.com\/wordpress\/segunda\/el-pabellon-municipal-de-el-planell-acoge-este-sabado-el-trofeo-nacional-de-gimnasia-ritmica-bunol-turis-montserrat\/","title":{"rendered":"El Pabell\u00f3n Municipal de El Planell acoge este s\u00e1bado el Trofeo Nacional de Gimnasia R\u00edtmica Bu\u00f1ol\u2013Tur\u00eds\u2013Montserrat"},"content":{"rendered":"\n<p>El <strong>Pabell\u00f3n Municipal Pablo Cus\u00ed Sierra<\/strong> de Bu\u00f1ol se convertir\u00e1 este s\u00e1bado, <strong>13 de septiembre<\/strong>, en el epicentro de la gimnasia r\u00edtmica nacional con la celebraci\u00f3n del <strong>Trofeo Nacional Bu\u00f1ol\u2013Tur\u00eds\u2013Montserrat<\/strong>.<\/p>\n\n\n\n<p>El evento reunir\u00e1 a m\u00e1s de <strong>800 gimnastas<\/strong> procedentes de clubes de <strong>Valencia, Castell\u00f3n, Alicante, La Rioja, Valladolid, Madrid y Catalu\u00f1a<\/strong>, que competir\u00e1n en tres modalidades: <strong>Individual copa base, Conjuntos nacional base y Conjuntos absoluto<\/strong>.<\/p>\n\n\n\n<p>Este encuentro supone una oportunidad \u00fanica para disfrutar del talento y la excelencia de j\u00f3venes promesas y deportistas consagradas en una disciplina que combina esfuerzo, arte y t\u00e9cnica.<\/p>\n","protected":false},"excerpt":{"rendered":"<div class=\"mh-excerpt\">El Pabell\u00f3n Municipal Pablo Cus\u00ed Sierra de Bu\u00f1ol se convertir\u00e1 este s\u00e1bado, 13 de septiembre, en el epicentro de la gimnasia r\u00edtmica nacional con la celebraci\u00f3n del Trofeo Nacional Bu\u00f1ol\u2013Tur\u00eds\u2013Montserrat. El evento reunir\u00e1 a m\u00e1s <a class=\"mh-excerpt-more\" href=\"https:\/\/www.tucomarca.com\/wordpress\/segunda\/el-pabellon-municipal-de-el-planell-acoge-este-sabado-el-trofeo-nacional-de-gimnasia-ritmica-bunol-turis-montserrat\/\" title=\"El Pabell\u00f3n Municipal de El Planell acoge este s\u00e1bado el Trofeo Nacional de Gimnasia R\u00edtmica Bu\u00f1ol\u2013Tur\u00eds\u2013Montserrat\">[+] <\/a><\/div>\n","protected":false},"author":12,"featured_media":278911,"comment_status":"open","ping_status":"open","sticky":false,"template":"","format":"standard","meta":{"footnotes":""},"categories":[4,18,6,8,10,42,162,199,3,43],"tags":[22980,5952,1407,22981],"class_list":{"0":"post-278909","1":"post","2":"type-post","3":"status-publish","4":"format-standard","5":"has-post-thumbnail","7":"category-agenda","8":"category-bunol","9":"category-deportes","10":"category-la-comarca","11":"category-la-hoya","12":"category-la-ribera","13":"category-monserrat","14":"category-polideportivo","15":"category-seccion","16":"category-turis","17":"tag-club-de-gimnasia-ritmica-bunol-turis-montserrat","18":"tag-la-hoya-de-bunol-chiva","19":"tag-ribera-alta","20":"tag-trofeo-nacional"},"_links":{"self":[{"href":"https:\/\/www.tucomarca.com\/wordpress\/segunda\/wp-json\/wp\/v2\/posts\/278909","targetHints":{"allow":["GET"]}}],"collection":[{"href":"https:\/\/www.tucomarca.com\/wordpress\/segunda\/wp-json\/wp\/v2\/posts"}],"about":[{"href":"https:\/\/www.tucomarca.com\/wordpress\/segunda\/wp-json\/wp\/v2\/types\/post"}],"author":[{"embeddable":true,"href":"https:\/\/www.tucomarca.com\/wordpress\/segunda\/wp-json\/wp\/v2\/users\/12"}],"replies":[{"embeddable":true,"href":"https:\/\/www.tucomarca.com\/wordpress\/segunda\/wp-json\/wp\/v2\/comments?post=278909"}],"version-history":[{"count":0,"href":"https:\/\/www.tucomarca.com\/wordpress\/segunda\/wp-json\/wp\/v2\/posts\/278909\/revisions"}],"wp:featuredmedia":[{"embeddable":true,"href":"https:\/\/www.tucomarca.com\/wordpress\/segunda\/wp-json\/wp\/v2\/media\/278911"}],"wp:attachment":[{"href":"https:\/\/www.tucomarca.com\/wordpress\/segunda\/wp-json\/wp\/v2\/media?parent=278909"}],"wp:term":[{"taxonomy":"category","embeddable":true,"href":"https:\/\/www.tucomarca.com\/wordpress\/segunda\/wp-json\/wp\/v2\/categories?post=278909"},{"taxonomy":"post_tag","embeddable":true,"href":"https:\/\/www.tucomarca.com\/wordpress\/segunda\/wp-json\/wp\/v2\/tags?post=278909"}],"curies":[{"name":"wp","href":"https:\/\/api.w.org\/{rel}","templated":true}]}}