{"id":27893,"date":"2014-06-05T17:51:53","date_gmt":"2014-06-05T14:51:53","guid":{"rendered":"http:\/\/www.tucomarca.com\/wordpress\/segunda\/?p=27893"},"modified":"2014-06-05T17:51:53","modified_gmt":"2014-06-05T14:51:53","slug":"la-generalitat-premia-a-dos-equipos-del-cra-oleana-de-caudete-de-las-fuentes-en-el-concurso-consumopolis-2014","status":"publish","type":"post","link":"https:\/\/www.tucomarca.com\/wordpress\/segunda\/la-generalitat-premia-a-dos-equipos-del-cra-oleana-de-caudete-de-las-fuentes-en-el-concurso-consumopolis-2014\/","title":{"rendered":"La Generalitat premia a dos equipos del CRA Oleana de Caudete de las Fuentes en el concurso Consum\u00f3polis 2014"},"content":{"rendered":"<p>La directora general de Comercio y Consumo, Silvia Ordi\u00f1aga, ha visitado esta ma\u00f1ana el CRA Oleana en Caudete de las Fuentes donde ha entregado los premios obtenidos por dos equipos de este centro en la fase auton\u00f3mica del concurso Consum\u00f3polis 2014, que organiza la Conselleria de Econom\u00eda, Industria, Turismo y Empleo.<\/p>\n<p>En concreto, el equipo \u00abThe smurfers\u00bb ha logrado el primer premio del Nivel 1 (segundo ciclo de Primaria), dotado con 800 euros y pase a la fase nacional del certamen; mientras que el grupo \u00abThe Simpsons\u00bb ha obtenido uno de los segundos premios que se otorgan en esta misma categor\u00eda.<\/p>\n<p>El concurso Consum\u00f3polis, que este celebra su octava edici\u00f3n bajo el lema \u00abConsumir entre pantallas\u00bb, tiene un car\u00e1cter eminentemente educativo y en \u00e9l los alumnos combinan el aprendizaje de esta materia con el refuerzo de las t\u00e9cnicas relacionadas con las nuevas tecnolog\u00edas, ya que la primera parte se desarrolla exclusivamente en internet.<\/p>\n<p>Un total de 136 equipos de centros educativos de la Comunitat Valenciana han participado este a\u00f1o en el concurso, con unos 600 escolares registrados. De ellos, 60 equipos han llegado a la fase final.<\/p>\n<p>La directora general ha destacado la apuesta de la Conselleria \u00abcon el fomento de la participaci\u00f3n de los centros educativos, a trav\u00e9s del profesorado y del alumnado, en actividades relacionadas con la educaci\u00f3n al consumidor para sensibilizar a los escolares de la importancia que tiene realizar los actos de consumo de forma consciente, cr\u00edtica, solidaria y responsable\u00bb.<\/p>\n<p>Recordar que el CRA Oleana logr\u00f3 en 2012 el primer premio a nivel nacional de este concurso que organiza el Instituto Nacional de Consumo con el objetivo de fomentar entre los escolares los principios de un Consumo Responsable.<\/p>\n<p>En este sentido, Ordi\u00f1aga ha felicitado a este centro y a su profesorado por su firme compromiso demostrado en esta l\u00ednea, que se pone de manifiesto con el trabajo que cada curso realizan con sus alumnos para inculcarles los principios b\u00e1sicos de un consumo responsable, que es fundamental para fomentar en ellos unos h\u00e1bitos de vida sanos y saludables\u00bb.<\/p>\n","protected":false},"excerpt":{"rendered":"<div class=\"mh-excerpt\">La directora general de Comercio y Consumo, Silvia Ordi\u00f1aga, ha visitado esta ma\u00f1ana el CRA Oleana en Caudete de las Fuentes donde ha entregado los premios obtenidos por dos equipos de este centro en la <a class=\"mh-excerpt-more\" href=\"https:\/\/www.tucomarca.com\/wordpress\/segunda\/la-generalitat-premia-a-dos-equipos-del-cra-oleana-de-caudete-de-las-fuentes-en-el-concurso-consumopolis-2014\/\" title=\"La Generalitat premia a dos equipos del CRA Oleana de Caudete de las Fuentes en el concurso Consum\u00f3polis 2014\">[+] <\/a><\/div>\n","protected":false},"author":2,"featured_media":0,"comment_status":"open","ping_status":"open","sticky":false,"template":"","format":"standard","meta":{"footnotes":""},"categories":[37,72,27,3],"tags":[4674,4675,773,723,787],"class_list":{"0":"post-27893","1":"post","2":"type-post","3":"status-publish","4":"format-standard","6":"category-caudete","7":"category-sin-categorizar","8":"category-requena-utiel","9":"category-seccion","10":"tag-colegio-caudete-de-las-fuentes","11":"tag-consumo-responsable","12":"tag-equipos","13":"tag-generalitat","14":"tag-premio"},"_links":{"self":[{"href":"https:\/\/www.tucomarca.com\/wordpress\/segunda\/wp-json\/wp\/v2\/posts\/27893","targetHints":{"allow":["GET"]}}],"collection":[{"href":"https:\/\/www.tucomarca.com\/wordpress\/segunda\/wp-json\/wp\/v2\/posts"}],"about":[{"href":"https:\/\/www.tucomarca.com\/wordpress\/segunda\/wp-json\/wp\/v2\/types\/post"}],"author":[{"embeddable":true,"href":"https:\/\/www.tucomarca.com\/wordpress\/segunda\/wp-json\/wp\/v2\/users\/2"}],"replies":[{"embeddable":true,"href":"https:\/\/www.tucomarca.com\/wordpress\/segunda\/wp-json\/wp\/v2\/comments?post=27893"}],"version-history":[{"count":0,"href":"https:\/\/www.tucomarca.com\/wordpress\/segunda\/wp-json\/wp\/v2\/posts\/27893\/revisions"}],"wp:attachment":[{"href":"https:\/\/www.tucomarca.com\/wordpress\/segunda\/wp-json\/wp\/v2\/media?parent=27893"}],"wp:term":[{"taxonomy":"category","embeddable":true,"href":"https:\/\/www.tucomarca.com\/wordpress\/segunda\/wp-json\/wp\/v2\/categories?post=27893"},{"taxonomy":"post_tag","embeddable":true,"href":"https:\/\/www.tucomarca.com\/wordpress\/segunda\/wp-json\/wp\/v2\/tags?post=27893"}],"curies":[{"name":"wp","href":"https:\/\/api.w.org\/{rel}","templated":true}]}}