{"id":278941,"date":"2025-09-10T09:05:00","date_gmt":"2025-09-10T07:05:00","guid":{"rendered":"https:\/\/www.tucomarca.com\/wordpress\/segunda\/?p=278941"},"modified":"2025-09-10T18:45:54","modified_gmt":"2025-09-10T16:45:54","slug":"vicent-mompo-recibe-a-la-seleccion-valenciana-de-pilota-tras-su-exito-en-el-europeo-joven-de-pilota-a-ma","status":"publish","type":"post","link":"https:\/\/www.tucomarca.com\/wordpress\/segunda\/vicent-mompo-recibe-a-la-seleccion-valenciana-de-pilota-tras-su-exito-en-el-europeo-joven-de-pilota-a-ma\/","title":{"rendered":"Vicent Momp\u00f3 recibe a la Selecci\u00f3n Valenciana de Pilota tras su \u00e9xito en el Europeo Joven de Pilota a M\u00e0\u00a0"},"content":{"rendered":"\n<h3 class=\"wp-block-heading\">El presidente de la Diputaci\u00f3 de Val\u00e8ncia homenajea a los j\u00f3venes que participaron en el Campeonato de Europa de categor\u00edas inferiores, en el que el combinado valenciano ha obtenido ocho medallas, dos de ellas de oro.<\/h3>\n\n\n\n<p>La Diputaci\u00f3 de Val\u00e8ncia ha realizado este mi\u00e9rcoles un merecido homenaje a los jugadores de la Selecci\u00f3n Valenciana de Pilota tras los \u00e9xitos cosechados en Campeonato Europeo Joven de Pilota a M\u00e0, que se disput\u00f3 el pasado fin de semana en B\u00e9lgica. El presidente de la instituci\u00f3n provincial, Vicent Momp\u00f3, acompa\u00f1ado por el diputado de Deportes, Pedro Cuesta, ha recibido en el Patio dels Scala a los componentes de los equipos participantes en el torneo, correspondientes a las categor\u00edas sub15, sub17 y sub19, tanto masculina como femenina.<\/p>\n\n\n\n<p>El combinado valenciano obtuvo un total de ocho medallas (dos de oro, cuatro de plata y dos de bronce) a lo largo de los tres d\u00edas de competici\u00f3n, lo que sirvi\u00f3 para lograr el subcampeonato absoluto en categor\u00eda femenina, y el tercer puesto en el global masculino.<\/p>\n\n\n\n<figure class=\"wp-block-gallery has-nested-images columns-2 is-cropped wp-block-gallery-1 is-layout-flex wp-block-gallery-is-layout-flex\">\n<figure class=\"wp-block-image size-large\"><img loading=\"lazy\" decoding=\"async\" width=\"1024\" height=\"666\" data-id=\"278945\" src=\"https:\/\/www.tucomarca.com\/wordpress\/segunda\/wp-content\/uploads\/2025\/09\/DipuPilota03-1024x666.jpg\" alt=\"\" class=\"wp-image-278945\" srcset=\"https:\/\/www.tucomarca.com\/wordpress\/segunda\/wp-content\/uploads\/2025\/09\/DipuPilota03-1024x666.jpg 1024w, https:\/\/www.tucomarca.com\/wordpress\/segunda\/wp-content\/uploads\/2025\/09\/DipuPilota03-300x195.jpg 300w, https:\/\/www.tucomarca.com\/wordpress\/segunda\/wp-content\/uploads\/2025\/09\/DipuPilota03-768x499.jpg 768w, https:\/\/www.tucomarca.com\/wordpress\/segunda\/wp-content\/uploads\/2025\/09\/DipuPilota03.jpg 1181w\" sizes=\"auto, (max-width: 1024px) 100vw, 1024px\" \/><\/figure>\n\n\n\n<figure class=\"wp-block-image size-large\"><img loading=\"lazy\" decoding=\"async\" width=\"1024\" height=\"666\" data-id=\"278947\" src=\"https:\/\/www.tucomarca.com\/wordpress\/segunda\/wp-content\/uploads\/2025\/09\/DipuPilota02-1024x666.jpg\" alt=\"\" class=\"wp-image-278947\" srcset=\"https:\/\/www.tucomarca.com\/wordpress\/segunda\/wp-content\/uploads\/2025\/09\/DipuPilota02-1024x666.jpg 1024w, https:\/\/www.tucomarca.com\/wordpress\/segunda\/wp-content\/uploads\/2025\/09\/DipuPilota02-300x195.jpg 300w, https:\/\/www.tucomarca.com\/wordpress\/segunda\/wp-content\/uploads\/2025\/09\/DipuPilota02-768x499.jpg 768w, https:\/\/www.tucomarca.com\/wordpress\/segunda\/wp-content\/uploads\/2025\/09\/DipuPilota02.jpg 1181w\" sizes=\"auto, (max-width: 1024px) 100vw, 1024px\" \/><\/figure>\n\n\n\n<figure class=\"wp-block-image size-large\"><img loading=\"lazy\" decoding=\"async\" width=\"1024\" height=\"666\" data-id=\"278951\" src=\"https:\/\/www.tucomarca.com\/wordpress\/segunda\/wp-content\/uploads\/2025\/09\/DipuPilota04-1024x666.jpg\" alt=\"\" class=\"wp-image-278951\" srcset=\"https:\/\/www.tucomarca.com\/wordpress\/segunda\/wp-content\/uploads\/2025\/09\/DipuPilota04-1024x666.jpg 1024w, https:\/\/www.tucomarca.com\/wordpress\/segunda\/wp-content\/uploads\/2025\/09\/DipuPilota04-300x195.jpg 300w, https:\/\/www.tucomarca.com\/wordpress\/segunda\/wp-content\/uploads\/2025\/09\/DipuPilota04-768x499.jpg 768w, https:\/\/www.tucomarca.com\/wordpress\/segunda\/wp-content\/uploads\/2025\/09\/DipuPilota04.jpg 1181w\" sizes=\"auto, (max-width: 1024px) 100vw, 1024px\" \/><\/figure>\n<\/figure>\n\n\n\n<p>\u201cDesde la Diputaci\u00f3n sentimos un enorme orgullo por el \u00e9xito de nuestros j\u00f3venes pilotaris en este campeonato de Europa. Sois presente y futuro de nuestro deporte aut\u00f3ctono, un referente para las nuevas generaciones. Gracias al impulso que estamos dando a la pilota desde distintos \u00e1mbitos, vemos c\u00f3mo cada vez m\u00e1s ni\u00f1os se acercan a este deporte, y c\u00f3mo, con especial satisfacci\u00f3n, cada vez m\u00e1s chicas se incorporan a la pr\u00e1ctica, ampliando as\u00ed su horizonte y garantizando su continuidad con m\u00e1s fuerza que nunca\u201d, ha subrayado Vicent Momp\u00f3.<\/p>\n\n\n\n<p>Momp\u00f3 ha resaltado, adem\u00e1s, que \u201cla Diputaci\u00f3n es hoy la instituci\u00f3n que m\u00e1s apuesta por la pilota, nuestro deporte por excelencia y una de las se\u00f1as de identidad m\u00e1s arraigadas de la Comunitat Valenciana. Hemos puesto en marcha el Plan de Trinquets, con un presupuesto de 8 millones de euros, que permitir\u00e1 recuperar y modernizar estos espacios emblem\u00e1ticos para tantos pueblos de la provincia, al tiempo que hemos consolidado nuestro apoyo firme a la Federaci\u00f3n\u201d.<\/p>\n\n\n\n<p>Al acto han acudido el presidente de la Federaci\u00f3 de Pilota Valenciana, Vicent Molin\u00e9s, as\u00ed como los entrenadores y pilotaris que defendieron los colores de la Selecci\u00f3n Valenciana en el Eurojove de Pilota. Entre estos \u00faltimos ha destacado la presencia de aquellos que se proclamaron campeones continentales, que son los equipos de la modalidad de one wall, tanto el sub17 masculino como el sub19 femenino.<\/p>\n","protected":false},"excerpt":{"rendered":"<div class=\"mh-excerpt\">El presidente de la Diputaci\u00f3 de Val\u00e8ncia homenajea a los j\u00f3venes que participaron en el Campeonato de Europa de categor\u00edas inferiores, en el que el combinado valenciano ha obtenido ocho medallas, dos de ellas de <a class=\"mh-excerpt-more\" href=\"https:\/\/www.tucomarca.com\/wordpress\/segunda\/vicent-mompo-recibe-a-la-seleccion-valenciana-de-pilota-tras-su-exito-en-el-europeo-joven-de-pilota-a-ma\/\" title=\"Vicent Momp\u00f3 recibe a la Selecci\u00f3n Valenciana de Pilota tras su \u00e9xito en el Europeo Joven de Pilota a M\u00e0\u00a0\">[+] <\/a><\/div>\n","protected":false},"author":12,"featured_media":278949,"comment_status":"open","ping_status":"open","sticky":false,"template":"","format":"gallery","meta":{"footnotes":""},"categories":[6,128,8,72,199,142,3,45],"tags":[3677,22984,16561],"class_list":{"0":"post-278941","1":"post","2":"type-post","3":"status-publish","4":"format-gallery","5":"has-post-thumbnail","7":"category-deportes","8":"category-infraestructuras","9":"category-la-comarca","10":"category-sin-categorizar","11":"category-polideportivo","12":"category-politica-la-comarca","13":"category-seccion","14":"category-ventana","15":"tag-diputacio-de-valencia","16":"tag-seleccion-valenciana-de-pilota","17":"tag-vicente-mompo","18":"post_format-post-format-gallery"},"_links":{"self":[{"href":"https:\/\/www.tucomarca.com\/wordpress\/segunda\/wp-json\/wp\/v2\/posts\/278941","targetHints":{"allow":["GET"]}}],"collection":[{"href":"https:\/\/www.tucomarca.com\/wordpress\/segunda\/wp-json\/wp\/v2\/posts"}],"about":[{"href":"https:\/\/www.tucomarca.com\/wordpress\/segunda\/wp-json\/wp\/v2\/types\/post"}],"author":[{"embeddable":true,"href":"https:\/\/www.tucomarca.com\/wordpress\/segunda\/wp-json\/wp\/v2\/users\/12"}],"replies":[{"embeddable":true,"href":"https:\/\/www.tucomarca.com\/wordpress\/segunda\/wp-json\/wp\/v2\/comments?post=278941"}],"version-history":[{"count":0,"href":"https:\/\/www.tucomarca.com\/wordpress\/segunda\/wp-json\/wp\/v2\/posts\/278941\/revisions"}],"wp:featuredmedia":[{"embeddable":true,"href":"https:\/\/www.tucomarca.com\/wordpress\/segunda\/wp-json\/wp\/v2\/media\/278949"}],"wp:attachment":[{"href":"https:\/\/www.tucomarca.com\/wordpress\/segunda\/wp-json\/wp\/v2\/media?parent=278941"}],"wp:term":[{"taxonomy":"category","embeddable":true,"href":"https:\/\/www.tucomarca.com\/wordpress\/segunda\/wp-json\/wp\/v2\/categories?post=278941"},{"taxonomy":"post_tag","embeddable":true,"href":"https:\/\/www.tucomarca.com\/wordpress\/segunda\/wp-json\/wp\/v2\/tags?post=278941"}],"curies":[{"name":"wp","href":"https:\/\/api.w.org\/{rel}","templated":true}]}}