{"id":27914,"date":"2014-06-06T18:00:15","date_gmt":"2014-06-06T15:00:15","guid":{"rendered":"http:\/\/www.tucomarca.com\/wordpress\/segunda\/?p=27914"},"modified":"2014-06-06T18:00:18","modified_gmt":"2014-06-06T15:00:18","slug":"esquerra-unida-de-requena-llama-a-la-ciudadania-a-manifestarse-a-favor-de-la-republica","status":"publish","type":"post","link":"https:\/\/www.tucomarca.com\/wordpress\/segunda\/esquerra-unida-de-requena-llama-a-la-ciudadania-a-manifestarse-a-favor-de-la-republica\/","title":{"rendered":"Esquerra Unida de Requena llama a la ciudadan\u00eda a manifestarse a favor de la Rep\u00fablica"},"content":{"rendered":"<p><figure id=\"attachment_27915\" aria-describedby=\"caption-attachment-27915\" style=\"width: 300px\" class=\"wp-caption alignleft\"><a href=\"https:\/\/www.tucomarca.com\/wordpress\/segunda\/2014\/06\/esquerra-unida-de-requena-llama-a-la-ciudadania-a-manifestarse-a-favor-de-la-republica\/dsc_0141\/\" rel=\"attachment wp-att-27915\"><img loading=\"lazy\" decoding=\"async\" src=\"https:\/\/www.tucomarca.com\/wordpress\/segunda\/wp-content\/uploads\/2014\/06\/DSC_0141-300x200.jpg\" alt=\"\" title=\"DSC_0141\" width=\"300\" height=\"200\" class=\"size-medium wp-image-27915\" srcset=\"https:\/\/www.tucomarca.com\/wordpress\/segunda\/wp-content\/uploads\/2014\/06\/DSC_0141-300x200.jpg 300w, https:\/\/www.tucomarca.com\/wordpress\/segunda\/wp-content\/uploads\/2014\/06\/DSC_0141-1024x685.jpg 1024w\" sizes=\"auto, (max-width: 300px) 100vw, 300px\" \/><\/a><figcaption id=\"caption-attachment-27915\" class=\"wp-caption-text\">Participantes en la manifestaci\u00f3n de apoyo a la Rep\u00fablica. tc.c<\/figcaption><\/figure>Esquerra Unida de Requena ha invitado a la ciudadan\u00eda a participar en la concentraci\u00f3n republicana que tendr\u00e1 lugar este s\u00e1bado 7 de junio a las 17 horas en la Fuente de los Patos de la citada poblaci\u00f3n para, posteriormente, acudir juntos a la manifestaci\u00f3n de Valencia, prevista a las 19 horas en la Plaza de San Agust\u00edn.<\/p>\n","protected":false},"excerpt":{"rendered":"<div class=\"mh-excerpt\">Esquerra Unida de Requena ha invitado a la ciudadan\u00eda a participar en la concentraci\u00f3n republicana que tendr\u00e1 lugar este s\u00e1bado 7 de junio a las 17 horas en la Fuente de los Patos de la <a class=\"mh-excerpt-more\" href=\"https:\/\/www.tucomarca.com\/wordpress\/segunda\/esquerra-unida-de-requena-llama-a-la-ciudadania-a-manifestarse-a-favor-de-la-republica\/\" title=\"Esquerra Unida de Requena llama a la ciudadan\u00eda a manifestarse a favor de la Rep\u00fablica\">[+] <\/a><\/div>\n","protected":false},"author":2,"featured_media":27915,"comment_status":"open","ping_status":"open","sticky":false,"template":"","format":"standard","meta":{"footnotes":""},"categories":[8,142,28,27,3],"tags":[4689,1515,275,4688,4690,10388],"class_list":{"0":"post-27914","1":"post","2":"type-post","3":"status-publish","4":"format-standard","5":"has-post-thumbnail","7":"category-la-comarca","8":"category-politica-la-comarca","9":"category-requena","10":"category-requena-utiel","11":"category-seccion","12":"tag-apoyo-ciudadano","13":"tag-concentracion","14":"tag-eu","15":"tag-llamamiento","16":"tag-republicana","17":"tag-requena"},"_links":{"self":[{"href":"https:\/\/www.tucomarca.com\/wordpress\/segunda\/wp-json\/wp\/v2\/posts\/27914","targetHints":{"allow":["GET"]}}],"collection":[{"href":"https:\/\/www.tucomarca.com\/wordpress\/segunda\/wp-json\/wp\/v2\/posts"}],"about":[{"href":"https:\/\/www.tucomarca.com\/wordpress\/segunda\/wp-json\/wp\/v2\/types\/post"}],"author":[{"embeddable":true,"href":"https:\/\/www.tucomarca.com\/wordpress\/segunda\/wp-json\/wp\/v2\/users\/2"}],"replies":[{"embeddable":true,"href":"https:\/\/www.tucomarca.com\/wordpress\/segunda\/wp-json\/wp\/v2\/comments?post=27914"}],"version-history":[{"count":0,"href":"https:\/\/www.tucomarca.com\/wordpress\/segunda\/wp-json\/wp\/v2\/posts\/27914\/revisions"}],"wp:featuredmedia":[{"embeddable":true,"href":"https:\/\/www.tucomarca.com\/wordpress\/segunda\/wp-json\/wp\/v2\/media\/27915"}],"wp:attachment":[{"href":"https:\/\/www.tucomarca.com\/wordpress\/segunda\/wp-json\/wp\/v2\/media?parent=27914"}],"wp:term":[{"taxonomy":"category","embeddable":true,"href":"https:\/\/www.tucomarca.com\/wordpress\/segunda\/wp-json\/wp\/v2\/categories?post=27914"},{"taxonomy":"post_tag","embeddable":true,"href":"https:\/\/www.tucomarca.com\/wordpress\/segunda\/wp-json\/wp\/v2\/tags?post=27914"}],"curies":[{"name":"wp","href":"https:\/\/api.w.org\/{rel}","templated":true}]}}