{"id":279152,"date":"2025-09-13T12:00:00","date_gmt":"2025-09-13T10:00:00","guid":{"rendered":"https:\/\/www.tucomarca.com\/wordpress\/segunda\/?p=279152"},"modified":"2025-09-15T19:36:47","modified_gmt":"2025-09-15T17:36:47","slug":"la-diputacio-aprueba-cinco-nuevos-proyectos-del-pla-obert-en-la-ribera-alta-con-una-inversion-cercana-a-los-700-000-euros","status":"publish","type":"post","link":"https:\/\/www.tucomarca.com\/wordpress\/segunda\/la-diputacio-aprueba-cinco-nuevos-proyectos-del-pla-obert-en-la-ribera-alta-con-una-inversion-cercana-a-los-700-000-euros\/","title":{"rendered":"La Diputaci\u00f3 aprueba cinco nuevos proyectos del Pla Obert en la Ribera Alta con una inversi\u00f3n cercana a los 700.000 euros\u00a0"},"content":{"rendered":"\n<h3 class=\"wp-block-heading\">Un nuevo decreto del Pla Obert, el principal programa inversor de la corporaci\u00f3n con 350 millones de euros, da luz verde a proyectos en Guadassuar, C\u00e0rcer y la Mancomunidad de la Ribera Alta.<\/h3>\n\n\n\n<h3 class=\"wp-block-heading\">A ellos se suman las solicitudes validadas a Benifai\u00f3 en agosto para poner en marcha dos actuaciones en el marco del Pla Obert que coordina la vicepresidenta Nat\u00e0lia Enguix.<\/h3>\n\n\n\n<p>La Diputaci\u00f3 de Val\u00e8ncia ha aprobado tres nuevos proyectos del Pla Obert en la comarca de la Ribera Alta en el decreto firmado a principios de septiembre, que se suman a las solicitudes validadas a Benifai\u00f3 en agosto para poner en marcha dos actuaciones en el marco del gran programa inversor que coordina la vicepresidenta Nat\u00e0lia Enguix. En total, cinco iniciativas presentadas por tres ayuntamientos y una mancomunidad de la Ribera Alta, con una inversi\u00f3n global que roza los 700.000 euros.<\/p>\n\n\n\n<p>En concreto, el municipio de Benifai\u00f3 tiene previsto acometer la reforma de los vestuarios del pabell\u00f3n polideportivo municipal, una actuaci\u00f3n que cuenta con un presupuesto de 290.000 euros. Adem\u00e1s, el ayuntamiento benifayense va a llevar a cabo un proyecto de repavimentaci\u00f3n del Camino de la Paridera, para lo cual se van a invertir un total de 143.000 euros.<\/p>\n\n\n\n<p>En cuanto al resto de actuaciones, la localidad de Guadassuar va a destinar m\u00e1s de 41.000 euros en mejoras del polideportivo municipal, concretamente en la sustituci\u00f3n de la barandilla de protecci\u00f3n del front\u00f3n. El Ayuntamiento de C\u00e0rcer, por su parte, va a renovar la red de evacuaci\u00f3n de aguas pluviales del Paseo Ausi\u00e0s March.<\/p>\n\n\n\n<p>Por \u00faltimo, cabe destacar los 169.000 euros invertidos por la Diputaci\u00f3n para suministrar dos veh\u00edculos tipo furg\u00f3n y dos veh\u00edculos tipo furgoneta para los servicios de la Mancomunidad de la Ribera Alta.<\/p>\n\n\n\n<p>La nueva resoluci\u00f3n \u201celeva a 626 los proyectos aprobados y a 92,4 los millones de euros invertidos en toda la provincia desde el inicio de la legislatura\u201d, apunta Enguix, quien anima a los ayuntamientos a presentar sus propuestas \u201ccuanto antes mejor, sin prisas, pero siendo conscientes de que las obras deben estar ejecutadas antes de terminar 2027 para poder ser financiadas\u201d. \u201cEl objetivo de este equipo de gobierno es ejecutar en su totalidad el mayor programa inversor en la historia de la Diputaci\u00f3n, con 350 millones de euros para municipios y comarcas\u201d, a\u00f1ade la vicepresidenta y responsable de Cooperaci\u00f3n.<\/p>\n\n\n\n<p>\u201cEn aproximadamente a\u00f1o y medio estamos viendo el desarrollo del plan que imaginamos. Un plan sin plazos, totalmente abierto a las necesidades y tiempos de cada municipio, con una gran variedad de actuaciones en distintos \u00e1mbitos, desde la renovaci\u00f3n del ciclo del agua hasta la mejora de espacios verdes e instalaciones deportivas, la habilitaci\u00f3n de edificios p\u00fablicos, la adquisici\u00f3n de material y veh\u00edculos o las obras de urbanismo\u201d, se\u00f1ala Nat\u00e0lia Enguix, quien avanza la presentaci\u00f3n de una gu\u00eda para que los ayuntamientos puedan presentar sus proyectos en materia urban\u00edstica incorporando la perspectiva de g\u00e9nero.<\/p>\n\n\n\n<p>El presidente, Vicent Momp\u00f3, pone en valor el trabajo que est\u00e1 realizando el \u00e1rea de Cooperaci\u00f3n: \u201ctenemos en marcha cientos de proyectos en nuestras comarcas de forma simult\u00e1nea. Muchos de ellos ya est\u00e1n terminados, y otros lo har\u00e1n en las pr\u00f3ximas semanas y meses. Y as\u00ed ser\u00e1 hasta que lleguemos al final de la legislatura y podamos tener completadas las propuestas que nos hagan los ayuntamientos\u201d. \u201cLa Diputaci\u00f3n est\u00e1 poniendo sus recursos a disposici\u00f3n de los alcaldes y alcaldesas para que los 350 millones se traduzcan en mejoras reales en nuestros pueblos y ciudades. Es lo que debemos hacer si queremos ser la instituci\u00f3n m\u00e1s pr\u00f3xima a los pueblos y las personas que los habitan\u201d, concluye Momp\u00f3.<\/p>\n\n\n\n<p><strong>Nuevo decreto<\/strong><\/p>\n\n\n\n<p>El \u00faltimo decreto, con fecha 8 de septiembre, ha aprobado 20 proyectos presentados por 18 ayuntamientos de toda la provincia, que ya pueden poner en marcha el proceso de licitaci\u00f3n y adjudicaci\u00f3n de las obras para ejecutarlas en los plazos previstos. Por comarcas, la Vall d\u2019Albaida y la Ribera Alta son las que m\u00e1s proyectos pondr\u00e1n en marcha con el nuevo decreto, hasta cinco iniciativas cada una teniendo en cuenta las dos solicitudes aprobadas en Benifai\u00f3 en agosto. Les siguen la Serran\u00eda con tres propuestas aprobadas y la Costera con dos.&nbsp;<\/p>\n\n\n\n<p>Tambi\u00e9n hay actuaciones aprobadas en Jalance (Valle de Ayora); Ador (la Safor); Casas Altas (el Rinc\u00f3n de Ademuz); Fuenterrobles (Plana Utiel-Requena); Vilamarxant (Camp de T\u00faria); Moncada (l\u2019Horta Nord); y Chella (la Canal de Navarr\u00e9s).<\/p>\n","protected":false},"excerpt":{"rendered":"<div class=\"mh-excerpt\">Un nuevo decreto del Pla Obert, el principal programa inversor de la corporaci\u00f3n con 350 millones de euros, da luz verde a proyectos en Guadassuar, C\u00e0rcer y la Mancomunidad de la Ribera Alta. A ellos <a class=\"mh-excerpt-more\" href=\"https:\/\/www.tucomarca.com\/wordpress\/segunda\/la-diputacio-aprueba-cinco-nuevos-proyectos-del-pla-obert-en-la-ribera-alta-con-una-inversion-cercana-a-los-700-000-euros\/\" title=\"La Diputaci\u00f3 aprueba cinco nuevos proyectos del Pla Obert en la Ribera Alta con una inversi\u00f3n cercana a los 700.000 euros\u00a0\">[+] <\/a><\/div>\n","protected":false},"author":13,"featured_media":279153,"comment_status":"open","ping_status":"open","sticky":false,"template":"","format":"standard","meta":{"footnotes":""},"categories":[49,38,267,46,224,257,139,143,128,230,70,8,72,42,117,142,27,3,45,184],"tags":[10397,10540,10460,10395,10472,10459,10416,10419,10684,1452,2142,3640,10439],"class_list":{"0":"post-279152","1":"post","2":"type-post","3":"status-publish","4":"format-standard","5":"has-post-thumbnail","7":"category-ademuz","8":"category-ayora-cofrentes","9":"category-benifaio","10":"category-camp-de-turia","11":"category-casas-altas","12":"category-chella","13":"category-fuenterrobles","14":"category-guadassuar","15":"category-infraestructuras","16":"category-jalance","17":"category-la-canal-de-navarres","18":"category-la-comarca","19":"category-sin-categorizar","20":"category-la-ribera","21":"category-medio-ambiente-la-comarca","22":"category-politica-la-comarca","23":"category-requena-utiel","24":"category-seccion","25":"category-ventana","26":"category-vilamarxant","27":"tag-ademuz","28":"tag-ayora-cofrentes","29":"tag-benifaio","30":"tag-camp-de-turia","31":"tag-casas-altas","32":"tag-chella","33":"tag-fuenterrobles","34":"tag-guadassuar","35":"tag-jalance","36":"tag-la-canal-de-navarres-2","37":"tag-la-comunitat","38":"tag-la-ribera-alta","39":"tag-vilamarxant"},"_links":{"self":[{"href":"https:\/\/www.tucomarca.com\/wordpress\/segunda\/wp-json\/wp\/v2\/posts\/279152","targetHints":{"allow":["GET"]}}],"collection":[{"href":"https:\/\/www.tucomarca.com\/wordpress\/segunda\/wp-json\/wp\/v2\/posts"}],"about":[{"href":"https:\/\/www.tucomarca.com\/wordpress\/segunda\/wp-json\/wp\/v2\/types\/post"}],"author":[{"embeddable":true,"href":"https:\/\/www.tucomarca.com\/wordpress\/segunda\/wp-json\/wp\/v2\/users\/13"}],"replies":[{"embeddable":true,"href":"https:\/\/www.tucomarca.com\/wordpress\/segunda\/wp-json\/wp\/v2\/comments?post=279152"}],"version-history":[{"count":0,"href":"https:\/\/www.tucomarca.com\/wordpress\/segunda\/wp-json\/wp\/v2\/posts\/279152\/revisions"}],"wp:featuredmedia":[{"embeddable":true,"href":"https:\/\/www.tucomarca.com\/wordpress\/segunda\/wp-json\/wp\/v2\/media\/279153"}],"wp:attachment":[{"href":"https:\/\/www.tucomarca.com\/wordpress\/segunda\/wp-json\/wp\/v2\/media?parent=279152"}],"wp:term":[{"taxonomy":"category","embeddable":true,"href":"https:\/\/www.tucomarca.com\/wordpress\/segunda\/wp-json\/wp\/v2\/categories?post=279152"},{"taxonomy":"post_tag","embeddable":true,"href":"https:\/\/www.tucomarca.com\/wordpress\/segunda\/wp-json\/wp\/v2\/tags?post=279152"}],"curies":[{"name":"wp","href":"https:\/\/api.w.org\/{rel}","templated":true}]}}