{"id":279169,"date":"2025-09-13T09:00:00","date_gmt":"2025-09-13T07:00:00","guid":{"rendered":"https:\/\/www.tucomarca.com\/wordpress\/segunda\/?p=279169"},"modified":"2025-09-15T20:37:01","modified_gmt":"2025-09-15T18:37:01","slug":"el-curso-escolar-2025-26-empieza-con-3-000-beneficiarios-mas-de-beca-completa-de-comedor-respecto-al-inicio-del-curso-pasado","status":"publish","type":"post","link":"https:\/\/www.tucomarca.com\/wordpress\/segunda\/el-curso-escolar-2025-26-empieza-con-3-000-beneficiarios-mas-de-beca-completa-de-comedor-respecto-al-inicio-del-curso-pasado\/","title":{"rendered":"El curso escolar 2025-26 empieza con 3.000 beneficiarios m\u00e1s de beca completa de comedor respecto al inicio del curso pasado"},"content":{"rendered":"\n<h3 class=\"wp-block-heading\">Con los datos provisionales de inicio de curso las ayudas de comedor para alumnado con necesidades especiales ya se han visto incrementadas en un 17 %.<\/h3>\n\n\n\n<h3 class=\"wp-block-heading\">Se observa un aumento del alumnado beneficiario en zonas rurales y con riesgo de despoblamiento en un 8 % respecto al inicio del curso 24\/25.<\/h3>\n\n\n\n<p>El curso escolar 2025\/2026 ha empezado en la Comunitat Valenciana con 3.000 beneficiarios m\u00e1s de beca completa de comedor respecto al inicio del curso pasado.<\/p>\n\n\n\n<p>As\u00ed se desprende de la recopilaci\u00f3n de los datos iniciales del curso 2025\/2026, en el que la Conselleria de Educaci\u00f3n, Cultura, Universidades y Empleo destina 76.275.000 euros a ayudas de comedor escolar.<\/p>\n\n\n\n<p>La Direcci\u00f3n General de Centros Docentes ha publicado los listados provisionales de ayudas de comedor, que est\u00e1n disponibles en todos los centros p\u00fablicos con ense\u00f1anzas de Educaci\u00f3n Infantil, Primaria, Secundaria y Educaci\u00f3n Especial, as\u00ed como en los centros concertados que disponen de servicio de comedor. Las familias disponen hasta el 23 de septiembre para presentar alegaciones a estos listados provisionales aportando la documentaci\u00f3n que consideren pertinente.<\/p>\n\n\n\n<p><strong>Alumnos beneficiarios<\/strong><\/p>\n\n\n\n<p>En esta primera resoluci\u00f3n provisional se han baremado un total de 181.832 solicitudes de las que, por ahora, se han adjudicado 123.021 alumnos con beca de comedor y de esas, 68.418 alumnos lo son de beca completa de comedor escolar, lo que supone un incremento del 5 % respecto a las previsiones que se registraron en el inicio del curso 2024\/2025.<\/p>\n\n\n\n<p>El resto de las solicitudes han sido baremadas en funci\u00f3n de la renta per c\u00e1pita y sus circunstancias sociofamiliares, estableci\u00e9ndose una puntuaci\u00f3n m\u00ednima de 7 puntos para resultar beneficiario de una ayuda de comedor escolar.<\/p>\n\n\n\n<p>En las becas de comedor se establece una ayuda m\u00e1xima asignada a cada comensal, de forma que, por cada d\u00eda de asistencia al comedor, el alumno percibir\u00e1 4,35 euros si cursa Educaci\u00f3n Infantil, Primaria y\/o Secundaria; 5,54 euros para el caso del alumnado de Educaci\u00f3n Especial, y hasta 12,35 euros para el alumnado de las Escuela-hogar.<\/p>\n\n\n\n<p>Destaca, asimismo, el incremento de dotaci\u00f3n de aulas UECO -que atienden a alumnado con necesidades espec\u00edficas en centros ordinarios- en 20 CEIP y en 19 IES de la Comunitat Valenciana para el 2025-2026, reflej\u00e1ndose un aumento en un 17% respecto al inicio del curso anterior de las ayudas de comedor destinadas a alumnado con necesidades especiales.<\/p>\n\n\n\n<p>Asimismo, en el caso de zonas rurales y con riesgo de despoblamiento, esta ayuda m\u00e1xima se ha incrementado hasta 5,65 euros para garantizar la viabilidad econ\u00f3mica del servicio. Al respecto, se ha observado un aumento del alumnado beneficiado en zonas rurales y con riesgo de despoblamiento en un 8 % respecto del curso anterior.<\/p>\n","protected":false},"excerpt":{"rendered":"<div class=\"mh-excerpt\">Con los datos provisionales de inicio de curso las ayudas de comedor para alumnado con necesidades especiales ya se han visto incrementadas en un 17 %. Se observa un aumento del alumnado beneficiario en zonas <a class=\"mh-excerpt-more\" href=\"https:\/\/www.tucomarca.com\/wordpress\/segunda\/el-curso-escolar-2025-26-empieza-con-3-000-beneficiarios-mas-de-beca-completa-de-comedor-respecto-al-inicio-del-curso-pasado\/\" title=\"El curso escolar 2025-26 empieza con 3.000 beneficiarios m\u00e1s de beca completa de comedor respecto al inicio del curso pasado\">[+] <\/a><\/div>\n","protected":false},"author":12,"featured_media":279173,"comment_status":"open","ping_status":"open","sticky":false,"template":"","format":"standard","meta":{"footnotes":""},"categories":[128,8,72,142,3,45],"tags":[22991,22992,10716],"class_list":{"0":"post-279169","1":"post","2":"type-post","3":"status-publish","4":"format-standard","5":"has-post-thumbnail","7":"category-infraestructuras","8":"category-la-comarca","9":"category-sin-categorizar","10":"category-politica-la-comarca","11":"category-seccion","12":"category-ventana","13":"tag-becas-comedor","14":"tag-curso-2025-26","15":"tag-generalitat-valenciana"},"_links":{"self":[{"href":"https:\/\/www.tucomarca.com\/wordpress\/segunda\/wp-json\/wp\/v2\/posts\/279169","targetHints":{"allow":["GET"]}}],"collection":[{"href":"https:\/\/www.tucomarca.com\/wordpress\/segunda\/wp-json\/wp\/v2\/posts"}],"about":[{"href":"https:\/\/www.tucomarca.com\/wordpress\/segunda\/wp-json\/wp\/v2\/types\/post"}],"author":[{"embeddable":true,"href":"https:\/\/www.tucomarca.com\/wordpress\/segunda\/wp-json\/wp\/v2\/users\/12"}],"replies":[{"embeddable":true,"href":"https:\/\/www.tucomarca.com\/wordpress\/segunda\/wp-json\/wp\/v2\/comments?post=279169"}],"version-history":[{"count":0,"href":"https:\/\/www.tucomarca.com\/wordpress\/segunda\/wp-json\/wp\/v2\/posts\/279169\/revisions"}],"wp:featuredmedia":[{"embeddable":true,"href":"https:\/\/www.tucomarca.com\/wordpress\/segunda\/wp-json\/wp\/v2\/media\/279173"}],"wp:attachment":[{"href":"https:\/\/www.tucomarca.com\/wordpress\/segunda\/wp-json\/wp\/v2\/media?parent=279169"}],"wp:term":[{"taxonomy":"category","embeddable":true,"href":"https:\/\/www.tucomarca.com\/wordpress\/segunda\/wp-json\/wp\/v2\/categories?post=279169"},{"taxonomy":"post_tag","embeddable":true,"href":"https:\/\/www.tucomarca.com\/wordpress\/segunda\/wp-json\/wp\/v2\/tags?post=279169"}],"curies":[{"name":"wp","href":"https:\/\/api.w.org\/{rel}","templated":true}]}}