{"id":27918,"date":"2014-06-06T18:04:37","date_gmt":"2014-06-06T15:04:37","guid":{"rendered":"http:\/\/www.tucomarca.com\/wordpress\/segunda\/?p=27918"},"modified":"2014-06-06T18:04:40","modified_gmt":"2014-06-06T15:04:40","slug":"el-pspv-de-ribarroja-de-turia-solicita-un-referendum-para-que-la-ciudadania-elija-entre-monarquia-y-republica","status":"publish","type":"post","link":"https:\/\/www.tucomarca.com\/wordpress\/segunda\/el-pspv-de-ribarroja-de-turia-solicita-un-referendum-para-que-la-ciudadania-elija-entre-monarquia-y-republica\/","title":{"rendered":"El PSPV de Ribarroja de Turia solicita un refer\u00e9ndum para que la ciudadan\u00eda elija entre Monarqu\u00eda y Rep\u00fablica"},"content":{"rendered":"<p><figure id=\"attachment_27919\" aria-describedby=\"caption-attachment-27919\" style=\"width: 300px\" class=\"wp-caption alignleft\"><a href=\"https:\/\/www.tucomarca.com\/wordpress\/segunda\/2014\/06\/el-pspv-de-ribarroja-de-turia-solicita-un-referendum-para-que-la-ciudadania-elija-entre-monarquia-y-republica\/riba-roja-jpg\/\" rel=\"attachment wp-att-27919\"><img loading=\"lazy\" decoding=\"async\" src=\"https:\/\/www.tucomarca.com\/wordpress\/segunda\/wp-content\/uploads\/2014\/06\/Riba-roja.jpg-300x225.jpg\" alt=\"\" title=\"Riba-roja.jpg\" width=\"300\" height=\"225\" class=\"size-medium wp-image-27919\" srcset=\"https:\/\/www.tucomarca.com\/wordpress\/segunda\/wp-content\/uploads\/2014\/06\/Riba-roja.jpg-300x225.jpg 300w, https:\/\/www.tucomarca.com\/wordpress\/segunda\/wp-content\/uploads\/2014\/06\/Riba-roja.jpg-1024x768.jpg 1024w, https:\/\/www.tucomarca.com\/wordpress\/segunda\/wp-content\/uploads\/2014\/06\/Riba-roja.jpg.jpg 1200w\" sizes=\"auto, (max-width: 300px) 100vw, 300px\" \/><\/a><figcaption id=\"caption-attachment-27919\" class=\"wp-caption-text\">Presentaci\u00f3n de la petici\u00f3n de refer\u00e9ndum por  parte del PSPV. tc.c<\/figcaption><\/figure>El PSPV de Ribarroja del Turia ha presentado en el ayuntamiento una moci\u00f3n donde reclama la celebraci\u00f3n de un refer\u00e9ndum que permita a los ciudadanos votar la elecci\u00f3n entre monarqu\u00eda o rep\u00fablica. La propuesta subraya, tambi\u00e9n, la necesidad de reforma la constituci\u00f3n para incluir una cl\u00e1usula social que asegure la protecci\u00f3n constitucional del derecho a la sanidad universal, a la educaci\u00f3n p\u00fablica, a la vivienda y a la garant\u00eda social. <\/p>\n<p>\tLa propuesta del PSPV, que se debatir\u00e1 en el pr\u00f3ximo pleno, respalda que en la reforma constitucional se contemple el dise\u00f1o de un Estado Federal con una financiaci\u00f3n y unas competencias administrativas justas y claramente definidas ya que \u00abhan pasado m\u00e1s de 35 a\u00f1os desde la aprobaci\u00f3n de la constituci\u00f3n y a lo largo de este tiempo la sociedad espa\u00f1ola ha cambiado profundamente y la ciudadan\u00eda exige esos cambios\u00bb. <\/p>\n<p>\tEl portavoz municipal del PSPV, Robert Raga, considera que el debate \u00abdebe centrarse no s\u00f3lo en la forma del Estado sino tambi\u00e9n en una reforma constitucional sin ning\u00fan tipo de miedo que abarque todo tipo de demandas sociales, econ\u00f3micas, de garant\u00edas jur\u00eddicas y derechos ciudadanos que en los dos a\u00f1os y medio de gobierno del Partido Popular hemos perdido de forma dram\u00e1tica\u00bb. <\/p>\n<p>\tEl grupo socialista de Ribarroja recuerda que la actual constituci\u00f3n \u00abha cumplido ya su papel y por ello necesitamos un pacto constitucional global que actualice nuestro pacto de convivencia e incorpore a las generaciones m\u00e1s j\u00f3venes que han nacido en plena democracia gracias al consenso constitucional que hubo en su momento\u00bb. <\/p>\n<p>\tPor \u00faltimo, el texto de la moci\u00f3n defiende una profundizaci\u00f3n \u00abclara y rotunda\u00bb de los mecanismos de transparencia y regeneraci\u00f3n democr\u00e1tica y de los derechos de participaci\u00f3n de la ciudadan\u00eda en la vida p\u00fablica, adem\u00e1s de una garant\u00eda de igualdad, real y efectiva entre hombres y mujeres.<\/p>\n","protected":false},"excerpt":{"rendered":"<div class=\"mh-excerpt\">El PSPV de Ribarroja del Turia ha presentado en el ayuntamiento una moci\u00f3n donde reclama la celebraci\u00f3n de un refer\u00e9ndum que permita a los ciudadanos votar la elecci\u00f3n entre monarqu\u00eda o rep\u00fablica. La propuesta subraya, <a class=\"mh-excerpt-more\" href=\"https:\/\/www.tucomarca.com\/wordpress\/segunda\/el-pspv-de-ribarroja-de-turia-solicita-un-referendum-para-que-la-ciudadania-elija-entre-monarquia-y-republica\/\" title=\"El PSPV de Ribarroja de Turia solicita un refer\u00e9ndum para que la ciudadan\u00eda elija entre Monarqu\u00eda y Rep\u00fablica\">[+] <\/a><\/div>\n","protected":false},"author":2,"featured_media":27919,"comment_status":"open","ping_status":"open","sticky":false,"template":"","format":"standard","meta":{"footnotes":""},"categories":[46,8,142,182,3],"tags":[4693,4694,1208,4590,4691,4692],"class_list":{"0":"post-27918","1":"post","2":"type-post","3":"status-publish","4":"format-standard","5":"has-post-thumbnail","7":"category-camp-de-turia","8":"category-la-comarca","9":"category-politica-la-comarca","10":"category-riba-roja","11":"category-seccion","12":"tag-decidir","13":"tag-monarquia-o-republica","14":"tag-pspv","15":"tag-referendum","16":"tag-ribarroja-de-turia","17":"tag-solicita"},"_links":{"self":[{"href":"https:\/\/www.tucomarca.com\/wordpress\/segunda\/wp-json\/wp\/v2\/posts\/27918","targetHints":{"allow":["GET"]}}],"collection":[{"href":"https:\/\/www.tucomarca.com\/wordpress\/segunda\/wp-json\/wp\/v2\/posts"}],"about":[{"href":"https:\/\/www.tucomarca.com\/wordpress\/segunda\/wp-json\/wp\/v2\/types\/post"}],"author":[{"embeddable":true,"href":"https:\/\/www.tucomarca.com\/wordpress\/segunda\/wp-json\/wp\/v2\/users\/2"}],"replies":[{"embeddable":true,"href":"https:\/\/www.tucomarca.com\/wordpress\/segunda\/wp-json\/wp\/v2\/comments?post=27918"}],"version-history":[{"count":0,"href":"https:\/\/www.tucomarca.com\/wordpress\/segunda\/wp-json\/wp\/v2\/posts\/27918\/revisions"}],"wp:featuredmedia":[{"embeddable":true,"href":"https:\/\/www.tucomarca.com\/wordpress\/segunda\/wp-json\/wp\/v2\/media\/27919"}],"wp:attachment":[{"href":"https:\/\/www.tucomarca.com\/wordpress\/segunda\/wp-json\/wp\/v2\/media?parent=27918"}],"wp:term":[{"taxonomy":"category","embeddable":true,"href":"https:\/\/www.tucomarca.com\/wordpress\/segunda\/wp-json\/wp\/v2\/categories?post=27918"},{"taxonomy":"post_tag","embeddable":true,"href":"https:\/\/www.tucomarca.com\/wordpress\/segunda\/wp-json\/wp\/v2\/tags?post=27918"}],"curies":[{"name":"wp","href":"https:\/\/api.w.org\/{rel}","templated":true}]}}