{"id":27925,"date":"2014-06-06T20:00:30","date_gmt":"2014-06-06T17:00:30","guid":{"rendered":"http:\/\/www.tucomarca.com\/wordpress\/segunda\/?p=27925"},"modified":"2014-06-06T20:00:30","modified_gmt":"2014-06-06T17:00:30","slug":"feria-del-comercio-en-chiva","status":"publish","type":"post","link":"https:\/\/www.tucomarca.com\/wordpress\/segunda\/feria-del-comercio-en-chiva\/","title":{"rendered":"Feria del Comercio en Chiva"},"content":{"rendered":"<p>La Plaza de Las Artes es el escenario elegido para la celebraci\u00f3n de la Feria del Comercio de Chiva prevista para este domingo 8 y que estar\u00e1 abierta al p\u00fablico desde las 11 y hasta las 20,30 horas. Habr\u00e1 una gran oferta de productos y servicios, as\u00ed como talleres y actividades l\u00fadicas.<\/p>\n","protected":false},"excerpt":{"rendered":"<div class=\"mh-excerpt\">La Plaza de Las Artes es el escenario elegido para la celebraci\u00f3n de la Feria del Comercio de Chiva prevista para este domingo 8 y que estar\u00e1 abierta al p\u00fablico desde las 11 y hasta <a class=\"mh-excerpt-more\" href=\"https:\/\/www.tucomarca.com\/wordpress\/segunda\/feria-del-comercio-en-chiva\/\" title=\"Feria del Comercio en Chiva\">[+] <\/a><\/div>\n","protected":false},"author":2,"featured_media":0,"comment_status":"open","ping_status":"open","sticky":false,"template":"","format":"standard","meta":{"footnotes":""},"categories":[4,3],"tags":[10384,674,100,209],"class_list":{"0":"post-27925","1":"post","2":"type-post","3":"status-publish","4":"format-standard","6":"category-agenda","7":"category-seccion","8":"tag-chiva","9":"tag-comercio","10":"tag-feria","11":"tag-promocion"},"_links":{"self":[{"href":"https:\/\/www.tucomarca.com\/wordpress\/segunda\/wp-json\/wp\/v2\/posts\/27925","targetHints":{"allow":["GET"]}}],"collection":[{"href":"https:\/\/www.tucomarca.com\/wordpress\/segunda\/wp-json\/wp\/v2\/posts"}],"about":[{"href":"https:\/\/www.tucomarca.com\/wordpress\/segunda\/wp-json\/wp\/v2\/types\/post"}],"author":[{"embeddable":true,"href":"https:\/\/www.tucomarca.com\/wordpress\/segunda\/wp-json\/wp\/v2\/users\/2"}],"replies":[{"embeddable":true,"href":"https:\/\/www.tucomarca.com\/wordpress\/segunda\/wp-json\/wp\/v2\/comments?post=27925"}],"version-history":[{"count":0,"href":"https:\/\/www.tucomarca.com\/wordpress\/segunda\/wp-json\/wp\/v2\/posts\/27925\/revisions"}],"wp:attachment":[{"href":"https:\/\/www.tucomarca.com\/wordpress\/segunda\/wp-json\/wp\/v2\/media?parent=27925"}],"wp:term":[{"taxonomy":"category","embeddable":true,"href":"https:\/\/www.tucomarca.com\/wordpress\/segunda\/wp-json\/wp\/v2\/categories?post=27925"},{"taxonomy":"post_tag","embeddable":true,"href":"https:\/\/www.tucomarca.com\/wordpress\/segunda\/wp-json\/wp\/v2\/tags?post=27925"}],"curies":[{"name":"wp","href":"https:\/\/api.w.org\/{rel}","templated":true}]}}