{"id":27927,"date":"2014-06-06T20:00:52","date_gmt":"2014-06-06T17:00:52","guid":{"rendered":"http:\/\/www.tucomarca.com\/wordpress\/segunda\/?p=27927"},"modified":"2014-06-06T20:00:52","modified_gmt":"2014-06-06T17:00:52","slug":"recta-final-de-la-semana-cultural-de-macastre","status":"publish","type":"post","link":"https:\/\/www.tucomarca.com\/wordpress\/segunda\/recta-final-de-la-semana-cultural-de-macastre\/","title":{"rendered":"Recta final de la Semana Cultural de Macastre"},"content":{"rendered":"<p>Este fin de semana contin\u00faan los actos de la Semana Cultural. El viernes a las 20 horas actuar\u00e1 la Big Band del conservatorio de Bu\u00f1ol en la Plaza de la Iglesia. El s\u00e1bado se celebrar\u00e1 en la Plaza Federico Garc\u00eda Lorca el I Concurso de Patatas a lo pobre y la posterior discom\u00f3vil (21,30 horas), mientras que el domingo habr\u00e1 concentraci\u00f3n de veh\u00edculos cl\u00e1sicos en la Plaza Federico Garc\u00eda Lorca desde las 10 horas y actuaci\u00f3n de Pet Piper\u2019s Project (19h).<\/p>\n","protected":false},"excerpt":{"rendered":"<div class=\"mh-excerpt\">Este fin de semana contin\u00faan los actos de la Semana Cultural. El viernes a las 20 horas actuar\u00e1 la Big Band del conservatorio de Bu\u00f1ol en la Plaza de la Iglesia. El s\u00e1bado se celebrar\u00e1 <a class=\"mh-excerpt-more\" href=\"https:\/\/www.tucomarca.com\/wordpress\/segunda\/recta-final-de-la-semana-cultural-de-macastre\/\" title=\"Recta final de la Semana Cultural de Macastre\">[+] <\/a><\/div>\n","protected":false},"author":2,"featured_media":0,"comment_status":"open","ping_status":"open","sticky":false,"template":"","format":"standard","meta":{"footnotes":""},"categories":[4,3],"tags":[10382,4695,3900],"class_list":{"0":"post-27927","1":"post","2":"type-post","3":"status-publish","4":"format-standard","6":"category-agenda","7":"category-seccion","8":"tag-macastre","9":"tag-recta-final","10":"tag-semana-cultural"},"_links":{"self":[{"href":"https:\/\/www.tucomarca.com\/wordpress\/segunda\/wp-json\/wp\/v2\/posts\/27927","targetHints":{"allow":["GET"]}}],"collection":[{"href":"https:\/\/www.tucomarca.com\/wordpress\/segunda\/wp-json\/wp\/v2\/posts"}],"about":[{"href":"https:\/\/www.tucomarca.com\/wordpress\/segunda\/wp-json\/wp\/v2\/types\/post"}],"author":[{"embeddable":true,"href":"https:\/\/www.tucomarca.com\/wordpress\/segunda\/wp-json\/wp\/v2\/users\/2"}],"replies":[{"embeddable":true,"href":"https:\/\/www.tucomarca.com\/wordpress\/segunda\/wp-json\/wp\/v2\/comments?post=27927"}],"version-history":[{"count":0,"href":"https:\/\/www.tucomarca.com\/wordpress\/segunda\/wp-json\/wp\/v2\/posts\/27927\/revisions"}],"wp:attachment":[{"href":"https:\/\/www.tucomarca.com\/wordpress\/segunda\/wp-json\/wp\/v2\/media?parent=27927"}],"wp:term":[{"taxonomy":"category","embeddable":true,"href":"https:\/\/www.tucomarca.com\/wordpress\/segunda\/wp-json\/wp\/v2\/categories?post=27927"},{"taxonomy":"post_tag","embeddable":true,"href":"https:\/\/www.tucomarca.com\/wordpress\/segunda\/wp-json\/wp\/v2\/tags?post=27927"}],"curies":[{"name":"wp","href":"https:\/\/api.w.org\/{rel}","templated":true}]}}