{"id":279312,"date":"2025-09-15T10:00:00","date_gmt":"2025-09-15T08:00:00","guid":{"rendered":"https:\/\/www.tucomarca.com\/wordpress\/segunda\/?p=279312"},"modified":"2025-09-16T19:53:17","modified_gmt":"2025-09-16T17:53:17","slug":"opinion-a-bocajarro-los-amos-de-espana-por-joseh-larrazabal","status":"publish","type":"post","link":"https:\/\/www.tucomarca.com\/wordpress\/segunda\/opinion-a-bocajarro-los-amos-de-espana-por-joseh-larrazabal\/","title":{"rendered":"Opini\u00f3n: A bocajarro: \u00abLos amos de Espa\u00f1a\u00bb, por J\u00f3seh Larraz\u00e1bal"},"content":{"rendered":"<div class=\"wp-block-image\">\n<figure class=\"alignleft size-full is-resized\"><img loading=\"lazy\" decoding=\"async\" width=\"279\" height=\"280\" src=\"https:\/\/www.tucomarca.com\/wordpress\/segunda\/wp-content\/uploads\/2024\/01\/Larrazabalnueva.jpg\" alt=\"\" class=\"wp-image-208146\" style=\"width:174px;height:auto\"\/><\/figure>\n<\/div>\n\n\n<p>El Real Madrid se resiste a perder ese manto de protecci\u00f3n arbitral que desde su fundaci\u00f3n, hace m\u00e1s hace m\u00e1s de 100 a\u00f1os, le ha proporcionado tantos y tantos triunfos inmerecidos, y por consiguiente tantos t\u00edtulos.<br>Creen que esas ayudas arbitrales les pertenecen por derecho propio y que nadie tiene poder para discut\u00edrselas.<br>\u00bfCuantas de las ligas, champions, y otros t\u00edtulos no constar\u00edan en sus vitrinas sin las herej\u00edas inestimables de sus aliados arbitrales?<br>Su arrogancia y prepotencia les impide asumir que la imparcialidad arbitral debe prevalecer y el reglamento debe ser el mismo para todos los equipos, sea cual sea su historia o su clasificaci\u00f3n en la tabla.<br>Adem\u00e1s su arrogancia y prepotencia se transforma, en intolerancia, lloros, quejas sin sentido, y la exigencias de contar en cada partido con las ayudas de siempre, sin querer aceptar que el arbitraje que reciban deba de ser imparcial y justo para todos.<br>No pueden admitir que algunos errores arbitrales puedan ser en contra suya. Han enviado una protesta a la FIFA porque el s\u00e1bado, ante la Real Sociedad, el \u00e1rbitro les expuls\u00f3 injustamente, seg\u00fan dicen ellos, a 1 jugador.<br>Es el club m\u00e1s favorecido de la historia y quieren seguir si\u00e9ndolo.<br>No conciben otra alternativa.<br>Todas las instituciones del f\u00fatbol espa\u00f1ol est\u00e1n gobernadas por Madridistas. \u00bfPorqu\u00e9?.<br>Me pregunto el motivo de que los altos cargos de la Federaci\u00f3n, la Liga, La AFE, el CTA.. est\u00e1n dirigidos por Madridistas.<br>Florentino P\u00e9rez, Presidente del Real Madrid, se ha convertido en el Capo de todo este circo; \u00e9l es quien maneja los hilos, quien maneja a todos estos jerifaltes puestos a dedo, y utiliza a los medios de comunicaci\u00f3n como t\u00edteres.<br>Le temen, son sus lacayos, adem\u00e1s, por si no fuera suficiente, son Madridistas hasta la m\u00e9dula.<br>El f\u00fatbol necesita una renovaci\u00f3n profunda, empezando por esos deleznables altos cargos.<br>La ambici\u00f3n desmesurada, la codicia, el deseo de poder, el amor al dinero, la vanidad\u2026 son elementos que dominan sus vidas y sus acciones. Son sentimientos de los que no pueden ni quieren prescindir.<br>Y el Bar\u00e7a calla, quiz\u00e1s porque huye de una campa\u00f1a Nacional anti Barcelonista. No interesa en estos momentos. Hacen bien.<br>Si no cometieron ninguna ilegalidad no tiene porqu\u00e9 temer nada, peores y m\u00faltiples han sido los robos arbitrales en favor de Madrid, eso s\u00ed\u2026 sin contrato. Pero entiendo que conociendo a estos manipuladores, enfurecidos, que se creen los amos de Espa\u00f1a, sea mejor dejarlos estar, y seguir ganando y peleando por todos los t\u00edtulos, ya llegar\u00e1 la hora de pasarles factura<br>Hay equipo, hay entrenador, hay ilusi\u00f3n, hay ambici\u00f3n\u2026<br>Ahora toca jugar y\u2026ganar.<br>Es el momento.<br>Ah, aqu\u00ed hablamos de f\u00fatbol, solo de f\u00fatbol.<br>Vixca el Bar\u00e7a!<br>Vixca Valencia!<\/p>\n","protected":false},"excerpt":{"rendered":"<div class=\"mh-excerpt\">El Real Madrid se resiste a perder ese manto de protecci\u00f3n arbitral que desde su fundaci\u00f3n, hace m\u00e1s hace m\u00e1s de 100 a\u00f1os, le ha proporcionado tantos y tantos triunfos inmerecidos, y por consiguiente tantos <a class=\"mh-excerpt-more\" href=\"https:\/\/www.tucomarca.com\/wordpress\/segunda\/opinion-a-bocajarro-los-amos-de-espana-por-joseh-larrazabal\/\" title=\"Opini\u00f3n: A bocajarro: \u00abLos amos de Espa\u00f1a\u00bb, por J\u00f3seh Larraz\u00e1bal\">[+] <\/a><\/div>\n","protected":false},"author":12,"featured_media":208146,"comment_status":"open","ping_status":"open","sticky":false,"template":"","format":"standard","meta":{"footnotes":""},"categories":[3358,6,30,114,3],"tags":[15480,1810],"class_list":{"0":"post-279312","1":"post","2":"type-post","3":"status-publish","4":"format-standard","5":"has-post-thumbnail","7":"category-canal-valencia-cf","8":"category-deportes","9":"category-opinion","10":"category-opinion-lectores","11":"category-seccion","12":"tag-joseh-larrazabal","13":"tag-valencia-cf"},"_links":{"self":[{"href":"https:\/\/www.tucomarca.com\/wordpress\/segunda\/wp-json\/wp\/v2\/posts\/279312","targetHints":{"allow":["GET"]}}],"collection":[{"href":"https:\/\/www.tucomarca.com\/wordpress\/segunda\/wp-json\/wp\/v2\/posts"}],"about":[{"href":"https:\/\/www.tucomarca.com\/wordpress\/segunda\/wp-json\/wp\/v2\/types\/post"}],"author":[{"embeddable":true,"href":"https:\/\/www.tucomarca.com\/wordpress\/segunda\/wp-json\/wp\/v2\/users\/12"}],"replies":[{"embeddable":true,"href":"https:\/\/www.tucomarca.com\/wordpress\/segunda\/wp-json\/wp\/v2\/comments?post=279312"}],"version-history":[{"count":0,"href":"https:\/\/www.tucomarca.com\/wordpress\/segunda\/wp-json\/wp\/v2\/posts\/279312\/revisions"}],"wp:featuredmedia":[{"embeddable":true,"href":"https:\/\/www.tucomarca.com\/wordpress\/segunda\/wp-json\/wp\/v2\/media\/208146"}],"wp:attachment":[{"href":"https:\/\/www.tucomarca.com\/wordpress\/segunda\/wp-json\/wp\/v2\/media?parent=279312"}],"wp:term":[{"taxonomy":"category","embeddable":true,"href":"https:\/\/www.tucomarca.com\/wordpress\/segunda\/wp-json\/wp\/v2\/categories?post=279312"},{"taxonomy":"post_tag","embeddable":true,"href":"https:\/\/www.tucomarca.com\/wordpress\/segunda\/wp-json\/wp\/v2\/tags?post=279312"}],"curies":[{"name":"wp","href":"https:\/\/api.w.org\/{rel}","templated":true}]}}