{"id":27934,"date":"2014-06-06T19:19:36","date_gmt":"2014-06-06T16:19:36","guid":{"rendered":"http:\/\/www.tucomarca.com\/wordpress\/segunda\/?p=27934"},"modified":"2014-06-06T19:19:36","modified_gmt":"2014-06-06T16:19:36","slug":"el-ayuntamiento-de-turis-abre-el-plazo-para-apuntarse-al-xxxi-campionat-de-futbol-sala","status":"publish","type":"post","link":"https:\/\/www.tucomarca.com\/wordpress\/segunda\/el-ayuntamiento-de-turis-abre-el-plazo-para-apuntarse-al-xxxi-campionat-de-futbol-sala\/","title":{"rendered":"El Ayuntamiento de Tur\u00eds abre el plazo para apuntarse al XXXI Campionat de F\u00fatbol sala"},"content":{"rendered":"<p>Tur\u00eds afronta este a\u00f1o la XXXI edici\u00f3n del tradicional campeonato de futbol sala de las fiestas patronales y populares que organiza el ayuntamiento en colaboraci\u00f3n con la falla Pla\u00e7a del Mercat. El plazo para que los equipos se apunten permanecer\u00e1 abierto hasta el viernes 13 de junio y se puede recoger la inscripci\u00f3n en el propio consistorio o bien descargarse de la p\u00e1gina web municipal.<br \/>\nLos tres primeros clasificados obtendr\u00e1n su respectivo trofeo y premios en met\u00e1lico de 350, 200 y 150 euros. Adem\u00e1s habr\u00e1 reconocimientos para el m\u00e1ximo goleador, el portero menos goleado y a la deportividad (mejor equipo).<br \/>\nPor otro lado tambi\u00e9n se ha abierto el plazo para participar en el torneo de p\u00e1del, que en los \u00faltimos a\u00f1os goza de una gran aceptaci\u00f3n.<br \/>\nLos premios de ambas competiciones se entregar\u00e1n previsiblemente tras la final de f\u00fatbol sala, el pr\u00f3ximo martes 12 de agosto, en plena semana deportiva de las fiestas veraniegas.<\/p>\n","protected":false},"excerpt":{"rendered":"<div class=\"mh-excerpt\">Tur\u00eds afronta este a\u00f1o la XXXI edici\u00f3n del tradicional campeonato de futbol sala de las fiestas patronales y populares que organiza el ayuntamiento en colaboraci\u00f3n con la falla Pla\u00e7a del Mercat. El plazo para que <a class=\"mh-excerpt-more\" href=\"https:\/\/www.tucomarca.com\/wordpress\/segunda\/el-ayuntamiento-de-turis-abre-el-plazo-para-apuntarse-al-xxxi-campionat-de-futbol-sala\/\" title=\"El Ayuntamiento de Tur\u00eds abre el plazo para apuntarse al XXXI Campionat de F\u00fatbol sala\">[+] <\/a><\/div>\n","protected":false},"author":2,"featured_media":0,"comment_status":"open","ping_status":"open","sticky":false,"template":"","format":"standard","meta":{"footnotes":""},"categories":[6,8,42,199,3,43],"tags":[1289,1722,288,1096,1825,10394],"class_list":{"0":"post-27934","1":"post","2":"type-post","3":"status-publish","4":"format-standard","6":"category-deportes","7":"category-la-comarca","8":"category-la-ribera","9":"category-polideportivo","10":"category-seccion","11":"category-turis","12":"tag-apertura","13":"tag-campeonato","14":"tag-futbol-sala-2","15":"tag-inscripcion","16":"tag-plazo","17":"tag-turis"},"_links":{"self":[{"href":"https:\/\/www.tucomarca.com\/wordpress\/segunda\/wp-json\/wp\/v2\/posts\/27934","targetHints":{"allow":["GET"]}}],"collection":[{"href":"https:\/\/www.tucomarca.com\/wordpress\/segunda\/wp-json\/wp\/v2\/posts"}],"about":[{"href":"https:\/\/www.tucomarca.com\/wordpress\/segunda\/wp-json\/wp\/v2\/types\/post"}],"author":[{"embeddable":true,"href":"https:\/\/www.tucomarca.com\/wordpress\/segunda\/wp-json\/wp\/v2\/users\/2"}],"replies":[{"embeddable":true,"href":"https:\/\/www.tucomarca.com\/wordpress\/segunda\/wp-json\/wp\/v2\/comments?post=27934"}],"version-history":[{"count":0,"href":"https:\/\/www.tucomarca.com\/wordpress\/segunda\/wp-json\/wp\/v2\/posts\/27934\/revisions"}],"wp:attachment":[{"href":"https:\/\/www.tucomarca.com\/wordpress\/segunda\/wp-json\/wp\/v2\/media?parent=27934"}],"wp:term":[{"taxonomy":"category","embeddable":true,"href":"https:\/\/www.tucomarca.com\/wordpress\/segunda\/wp-json\/wp\/v2\/categories?post=27934"},{"taxonomy":"post_tag","embeddable":true,"href":"https:\/\/www.tucomarca.com\/wordpress\/segunda\/wp-json\/wp\/v2\/tags?post=27934"}],"curies":[{"name":"wp","href":"https:\/\/api.w.org\/{rel}","templated":true}]}}