{"id":279345,"date":"2025-09-16T10:30:00","date_gmt":"2025-09-16T08:30:00","guid":{"rendered":"https:\/\/www.tucomarca.com\/wordpress\/segunda\/?p=279345"},"modified":"2025-09-16T21:07:35","modified_gmt":"2025-09-16T19:07:35","slug":"la-diputacio-premia-la-labor-de-los-pequenos-comercios-en-la-defensa-del-uso-del-valenciano","status":"publish","type":"post","link":"https:\/\/www.tucomarca.com\/wordpress\/segunda\/la-diputacio-premia-la-labor-de-los-pequenos-comercios-en-la-defensa-del-uso-del-valenciano\/","title":{"rendered":"La Diputaci\u00f3 premia la labor de los peque\u00f1os comercios en la defensa del uso del valenciano"},"content":{"rendered":"\n<h3 class=\"wp-block-heading\">El departamento de Fomento del Uso del Valenciano entrega los \u2018Premis \u00fas del valenci\u00e0 en el comer\u00e7 local\u2019 a los establecimientos premiados de una treintena de municipios de la provincia.<\/h3>\n\n\n\n<h3 class=\"wp-block-heading\">Vicent Momp\u00f3 ha anunciado la puesta en marcha de dos iniciativas en favor del valenciano: el reparto de tr\u00edpticos en bares y restaurantes con vocabulario de l\u2019esmorzar, y el reconocimiento del dominio .val en Internet.<\/h3>\n\n\n\n<p>La Diputaci\u00f3 de Val\u00e8ncia ha celebrado este martes el acto de entrega de la IV edici\u00f3n de los \u2018Premis \u00fas del valenci\u00e0 en el comer\u00e7 local\u2019, en el que se ha reconocido la labor fundamental que hacen estos establecimientos en la defensa y supervivencia de la lengua propia. El departamento de Fomento del Uso del Valenciano ha entregado los galardones a los comercios premiados de una treintena de municipios de la provincia.<\/p>\n\n\n\n<p>El presidente de la instituci\u00f3n y responsable del departamento de Fomento del uso del Valenciano, Vicent Momp\u00f3, ha sido el encargado de entregar uno a uno los galardones, en un acto que ha contado con la presencia de alcaldes y representantes municipales de las localidades participantes en la convocatoria, los cuales han acompa\u00f1ado a los comerciantes de sus pueblos a recoger los premios.<\/p>\n\n\n\n<figure class=\"wp-block-gallery has-nested-images columns-default is-cropped wp-block-gallery-1 is-layout-flex wp-block-gallery-is-layout-flex\">\n<figure class=\"wp-block-image size-large\"><img loading=\"lazy\" decoding=\"async\" width=\"1024\" height=\"691\" data-id=\"279349\" src=\"https:\/\/www.tucomarca.com\/wordpress\/segunda\/wp-content\/uploads\/2025\/09\/DipuComercioVal01-1024x691.jpg\" alt=\"\" class=\"wp-image-279349\" srcset=\"https:\/\/www.tucomarca.com\/wordpress\/segunda\/wp-content\/uploads\/2025\/09\/DipuComercioVal01-1024x691.jpg 1024w, https:\/\/www.tucomarca.com\/wordpress\/segunda\/wp-content\/uploads\/2025\/09\/DipuComercioVal01-300x202.jpg 300w, https:\/\/www.tucomarca.com\/wordpress\/segunda\/wp-content\/uploads\/2025\/09\/DipuComercioVal01-768x518.jpg 768w, https:\/\/www.tucomarca.com\/wordpress\/segunda\/wp-content\/uploads\/2025\/09\/DipuComercioVal01.jpg 1181w\" sizes=\"auto, (max-width: 1024px) 100vw, 1024px\" \/><\/figure>\n\n\n\n<figure class=\"wp-block-image size-large\"><img loading=\"lazy\" decoding=\"async\" width=\"1024\" height=\"691\" data-id=\"279347\" src=\"https:\/\/www.tucomarca.com\/wordpress\/segunda\/wp-content\/uploads\/2025\/09\/DipuComercioVal02-1024x691.jpg\" alt=\"\" class=\"wp-image-279347\" srcset=\"https:\/\/www.tucomarca.com\/wordpress\/segunda\/wp-content\/uploads\/2025\/09\/DipuComercioVal02-1024x691.jpg 1024w, https:\/\/www.tucomarca.com\/wordpress\/segunda\/wp-content\/uploads\/2025\/09\/DipuComercioVal02-300x202.jpg 300w, https:\/\/www.tucomarca.com\/wordpress\/segunda\/wp-content\/uploads\/2025\/09\/DipuComercioVal02-768x518.jpg 768w, https:\/\/www.tucomarca.com\/wordpress\/segunda\/wp-content\/uploads\/2025\/09\/DipuComercioVal02.jpg 1181w\" sizes=\"auto, (max-width: 1024px) 100vw, 1024px\" \/><\/figure>\n<\/figure>\n\n\n\n<p>\u201cLos comercios locales dan vida a nuestros pueblos, a su econom\u00eda, pero tambi\u00e9n al valenciano. Si nuestra lengua resiste es gracias, en parte, a estas tiendas de barrio que deciden rotular, atender y trabajar en valenciano. Ante el retroceso que se est\u00e1 experimentando en las grandes superficies y centros comerciales, es el peque\u00f1o comercio el que sirve como trinchera de la lengua propia\u201d, ha manifestado Vicent Momp\u00f3.<\/p>\n\n\n\n<p>Adem\u00e1s, el presidente provincial ha aprovechado el acto para hablar de dos iniciativas que se est\u00e1n llevando a cabo desde la Diputaci\u00f3n para impulsar el uso del valenciano entre la poblaci\u00f3n. \u201cNosotros siempre vamos a defender la dignidad de nuestra lengua, y para eso hacen falta acciones, como es el caso de estos premios. Pero tambi\u00e9n acciones que ya hemos empezado a desarrollar, como el reparto de tr\u00edpticos en los bares y restaurantes valencianos para difundir el vocabulario de l\u2019esmorzar. Y otra m\u00e1s relevante que esperamos poder iniciar muy pronto: el reconocmiento del dominio .val en Internet, porque el valenciano tiene que estar en el mundo virtual\u201d, ha anunciado.<\/p>\n\n\n\n<p>Por su parte, desde los comercios premiados han expresado su agradecimiento por el apoyo de la Diputaci\u00f3n a estos peque\u00f1os negocios. \u201cEste premio es un incentivo para utilizar el valenciano, no s\u00f3lo en el d\u00eda a d\u00eda, sino tambi\u00e9n a la hora de hacer gestiones, bolsas, tarjetas, p\u00e1gina web\u2026\u201d, ha destacado el encargado del Grupo A Riure de Burjassot, dedicado a la animaci\u00f3n infantil. \u201cPara nosotros esta ayuda de la administraci\u00f3n es fundamental para visibilizar el trabajo que hacemos por impulsar el valenciano\u201d, a\u00f1aden desde la cooperativa Ninos Gesti\u00f3 Educativa de Carlet.<\/p>\n\n\n\n<p><strong>Los municipios participantes<\/strong><\/p>\n\n\n\n<p>Las subvenciones que la Diputaci\u00f3n destina a estos premios tienen como objetivo valorar y galardonar el uso de la lengua propia en los establecimientos comerciales. A la hora de decidir la concesi\u00f3n del premio, que asciende a 3.200 euros por municipio, se tiene en cuenta la utilizaci\u00f3n del valenciano en la rotulaci\u00f3n, la se\u00f1alizaci\u00f3n interna, la documentaci\u00f3n administrativa, la mercadotecnia y el uso del valenciano en las redes sociales. En esta cuarta edici\u00f3n, se han adherido 29 ayuntamientos, los cuales se encargan de organizar la convocatoria en cada localidad con ayuda de la corporaci\u00f3n provincial.<\/p>\n\n\n\n<p>Los consistorios participantes han sido Alboraya, Alc\u00e0sser, l&#8217;Alc\u00fadia, Aldaia, Algemes\u00ed, Alfarp, Alzira, Burjassot, Canals, Canet d&#8217;en Berenguer, Catadau, Catarroja, Corbera, Cullera, l&#8217;Eliana, la Font d&#8217;en Carr\u00f2s, Guadassuar, Llombai, Massamagrell, Meliana, Montserrat, Museros, el Palomar, Picasssent, Quart de Poblet, Sedav\u00ed, Silla, Tur\u00eds y X\u00e0tiva.<\/p>\n\n\n\n<p>Los trofeos entregados a los premiados son unas figuras 100% valencianas, creadas por artesanos falleros de la empresa V\u00e0lua, autora de la campa\u00f1a &#8216;Apadrina un ninot&#8217;, que expresan la uni\u00f3n entre el comercio de proximidad y la lengua propia, los valores de calidad y atenci\u00f3n personalizada encarnados en el uso del valenciano.<\/p>\n","protected":false},"excerpt":{"rendered":"<div class=\"mh-excerpt\">El departamento de Fomento del Uso del Valenciano entrega los \u2018Premis \u00fas del valenci\u00e0 en el comer\u00e7 local\u2019 a los establecimientos premiados de una treintena de municipios de la provincia. Vicent Momp\u00f3 ha anunciado la <a class=\"mh-excerpt-more\" href=\"https:\/\/www.tucomarca.com\/wordpress\/segunda\/la-diputacio-premia-la-labor-de-los-pequenos-comercios-en-la-defensa-del-uso-del-valenciano\/\" title=\"La Diputaci\u00f3 premia la labor de los peque\u00f1os comercios en la defensa del uso del valenciano\">[+] <\/a><\/div>\n","protected":false},"author":12,"featured_media":279351,"comment_status":"open","ping_status":"open","sticky":false,"template":"","format":"gallery","meta":{"footnotes":""},"categories":[128,8,72,142,3,45],"tags":[3677,9625,2628],"class_list":{"0":"post-279345","1":"post","2":"type-post","3":"status-publish","4":"format-gallery","5":"has-post-thumbnail","7":"category-infraestructuras","8":"category-la-comarca","9":"category-sin-categorizar","10":"category-politica-la-comarca","11":"category-seccion","12":"category-ventana","13":"tag-diputacio-de-valencia","14":"tag-pequeno-comercio","15":"tag-us-del-valencia","16":"post_format-post-format-gallery"},"_links":{"self":[{"href":"https:\/\/www.tucomarca.com\/wordpress\/segunda\/wp-json\/wp\/v2\/posts\/279345","targetHints":{"allow":["GET"]}}],"collection":[{"href":"https:\/\/www.tucomarca.com\/wordpress\/segunda\/wp-json\/wp\/v2\/posts"}],"about":[{"href":"https:\/\/www.tucomarca.com\/wordpress\/segunda\/wp-json\/wp\/v2\/types\/post"}],"author":[{"embeddable":true,"href":"https:\/\/www.tucomarca.com\/wordpress\/segunda\/wp-json\/wp\/v2\/users\/12"}],"replies":[{"embeddable":true,"href":"https:\/\/www.tucomarca.com\/wordpress\/segunda\/wp-json\/wp\/v2\/comments?post=279345"}],"version-history":[{"count":0,"href":"https:\/\/www.tucomarca.com\/wordpress\/segunda\/wp-json\/wp\/v2\/posts\/279345\/revisions"}],"wp:featuredmedia":[{"embeddable":true,"href":"https:\/\/www.tucomarca.com\/wordpress\/segunda\/wp-json\/wp\/v2\/media\/279351"}],"wp:attachment":[{"href":"https:\/\/www.tucomarca.com\/wordpress\/segunda\/wp-json\/wp\/v2\/media?parent=279345"}],"wp:term":[{"taxonomy":"category","embeddable":true,"href":"https:\/\/www.tucomarca.com\/wordpress\/segunda\/wp-json\/wp\/v2\/categories?post=279345"},{"taxonomy":"post_tag","embeddable":true,"href":"https:\/\/www.tucomarca.com\/wordpress\/segunda\/wp-json\/wp\/v2\/tags?post=279345"}],"curies":[{"name":"wp","href":"https:\/\/api.w.org\/{rel}","templated":true}]}}