{"id":279489,"date":"2025-09-17T11:30:00","date_gmt":"2025-09-17T09:30:00","guid":{"rendered":"https:\/\/www.tucomarca.com\/wordpress\/segunda\/?p=279489"},"modified":"2025-09-17T14:47:04","modified_gmt":"2025-09-17T12:47:04","slug":"el-pp-pide-en-la-diputacio-la-dimision-del-ministro-albares-por-el-flagrante-dano-a-la-autonomia-historia-y-cultura-valenciana","status":"publish","type":"post","link":"https:\/\/www.tucomarca.com\/wordpress\/segunda\/el-pp-pide-en-la-diputacio-la-dimision-del-ministro-albares-por-el-flagrante-dano-a-la-autonomia-historia-y-cultura-valenciana\/","title":{"rendered":"El PP pide en la Diputaci\u00f3 la dimisi\u00f3n del ministro Albares por el \u00abflagrante da\u00f1o a la autonom\u00eda, historia y cultura valenciana\u00bb"},"content":{"rendered":"\n<h3 class=\"wp-block-heading\">El grupo popular tambi\u00e9n pide al ministro de Exteriores una rectificaci\u00f3n p\u00fablica por excluir el valenciano de la propuesta del Gobierno de reconocimiento de lenguas oficiales en Europa.<\/h3>\n\n\n\n<p>El PP en la Diputaci\u00f3 de Val\u00e8ncia ha solicitado, a trav\u00e9s de una moci\u00f3n, la dimisi\u00f3n del ministro de Exteriores, Jos\u00e9 Manuel Albares, por el \u00abflagrante da\u00f1o\u00bb que ha ocasionado a la autonom\u00eda, historia y cultura valenciana al borrar el valenciano de las lenguas oficiales de Espa\u00f1a\u00bb, ha criticado la portavoz popular en la instituci\u00f3n provincial, Reme Mazzolari.&nbsp;<\/p>\n\n\n\n<p>\u00abLas declaraciones del ministro confirmando que el Gobierno propone que se reconozca en Europa el gallego, el vasco y el catal\u00e1n, pero no el valenciano supone, una vez m\u00e1s, el desprecio y el abandono de S\u00e1nchez a la Comunidad Valenciana\u00bb, ha destacado Mazzolari, al tiempo que ha recordado que \u00abes el Estatuto de Autonom\u00eda el que reconoce el valenciano como una de nuestras dos lenguas oficiales\u00bb. \u00abNo es que lo diga el PP, lo dice la principal ley auton\u00f3mica\u00bb, ha matizado.&nbsp;<\/p>\n\n\n\n<p>No obstante, ha subrayado, \u00abante todo, las palabras de Albares son una ofensa al pueblo valenciano\u00bb. Por eso, la iniciativa tambi\u00e9n insta al ministro \u00aba leer p\u00fablicamente el Estatuto de Autonom\u00eda y reconocer as\u00ed su error\u00bb.&nbsp;<\/p>\n\n\n\n<p>Para Mazzolari, el debate y votaci\u00f3n de esta moci\u00f3n el pr\u00f3ximo martes, \u00abes una oportunidad para que todos los grupos se posicionen a favor de la lengua propia\u00bb. \u00abM\u00e1s all\u00e1 de los colores pol\u00edticos, hemos de trabajar juntos para que nadie discrimine nuestra lengua y se respete nuestro pueblo y nuestra ley\u00bb, ha asegurado.<\/p>\n","protected":false},"excerpt":{"rendered":"<div class=\"mh-excerpt\">El grupo popular tambi\u00e9n pide al ministro de Exteriores una rectificaci\u00f3n p\u00fablica por excluir el valenciano de la propuesta del Gobierno de reconocimiento de lenguas oficiales en Europa. El PP en la Diputaci\u00f3 de Val\u00e8ncia <a class=\"mh-excerpt-more\" href=\"https:\/\/www.tucomarca.com\/wordpress\/segunda\/el-pp-pide-en-la-diputacio-la-dimision-del-ministro-albares-por-el-flagrante-dano-a-la-autonomia-historia-y-cultura-valenciana\/\" title=\"El PP pide en la Diputaci\u00f3 la dimisi\u00f3n del ministro Albares por el \u00abflagrante da\u00f1o a la autonom\u00eda, historia y cultura valenciana\u00bb\">[+] <\/a><\/div>\n","protected":false},"author":1,"featured_media":279490,"comment_status":"open","ping_status":"open","sticky":false,"template":"","format":"standard","meta":{"footnotes":""},"categories":[128,8,72,142,3,116,45],"tags":[2142,63,21931,3218],"class_list":{"0":"post-279489","1":"post","2":"type-post","3":"status-publish","4":"format-standard","5":"has-post-thumbnail","7":"category-infraestructuras","8":"category-la-comarca","9":"category-sin-categorizar","10":"category-politica-la-comarca","11":"category-seccion","12":"category-sucesos-la-comarca","13":"category-ventana","14":"tag-la-comunitat","15":"tag-pp","16":"tag-valencia-2","17":"tag-valenciano"},"_links":{"self":[{"href":"https:\/\/www.tucomarca.com\/wordpress\/segunda\/wp-json\/wp\/v2\/posts\/279489","targetHints":{"allow":["GET"]}}],"collection":[{"href":"https:\/\/www.tucomarca.com\/wordpress\/segunda\/wp-json\/wp\/v2\/posts"}],"about":[{"href":"https:\/\/www.tucomarca.com\/wordpress\/segunda\/wp-json\/wp\/v2\/types\/post"}],"author":[{"embeddable":true,"href":"https:\/\/www.tucomarca.com\/wordpress\/segunda\/wp-json\/wp\/v2\/users\/1"}],"replies":[{"embeddable":true,"href":"https:\/\/www.tucomarca.com\/wordpress\/segunda\/wp-json\/wp\/v2\/comments?post=279489"}],"version-history":[{"count":0,"href":"https:\/\/www.tucomarca.com\/wordpress\/segunda\/wp-json\/wp\/v2\/posts\/279489\/revisions"}],"wp:featuredmedia":[{"embeddable":true,"href":"https:\/\/www.tucomarca.com\/wordpress\/segunda\/wp-json\/wp\/v2\/media\/279490"}],"wp:attachment":[{"href":"https:\/\/www.tucomarca.com\/wordpress\/segunda\/wp-json\/wp\/v2\/media?parent=279489"}],"wp:term":[{"taxonomy":"category","embeddable":true,"href":"https:\/\/www.tucomarca.com\/wordpress\/segunda\/wp-json\/wp\/v2\/categories?post=279489"},{"taxonomy":"post_tag","embeddable":true,"href":"https:\/\/www.tucomarca.com\/wordpress\/segunda\/wp-json\/wp\/v2\/tags?post=279489"}],"curies":[{"name":"wp","href":"https:\/\/api.w.org\/{rel}","templated":true}]}}