{"id":279550,"date":"2025-09-18T11:00:00","date_gmt":"2025-09-18T09:00:00","guid":{"rendered":"https:\/\/www.tucomarca.com\/wordpress\/segunda\/?p=279550"},"modified":"2025-09-18T13:37:41","modified_gmt":"2025-09-18T11:37:41","slug":"la-diputacio-financia-la-reforma-de-la-calle-colon-de-la-pobla-de-vallbona-para-evitar-inundaciones-en-el-casco-urbano","status":"publish","type":"post","link":"https:\/\/www.tucomarca.com\/wordpress\/segunda\/la-diputacio-financia-la-reforma-de-la-calle-colon-de-la-pobla-de-vallbona-para-evitar-inundaciones-en-el-casco-urbano\/","title":{"rendered":"La Diputaci\u00f3 financia la reforma de la calle Col\u00f3n de la Pobla de Vallbona para evitar inundaciones en el casco urbano"},"content":{"rendered":"\n<h3 class=\"wp-block-heading\">La vicepresidenta Nat\u00e1lia Enguix, responsable del Pla Obert, el gran programa inversor de la Diputaci\u00f3n, destaca la importancia de \u201cuna obra con m\u00e1s de un mill\u00f3n de euros que aportar\u00e1 m\u00e1s seguridad ante las lluvias\u201d.<\/h3>\n\n\n\n<h3 class=\"wp-block-heading\">El ayuntamiento del municipio del Camp de T\u00faria est\u00e1 llevando a cabo otros proyectos financiados por la corporaci\u00f3n provincial, como el del campo de f\u00fatbol Mas de Tous o la renovaci\u00f3n de parques urbanos.<\/h3>\n\n\n\n<p>El Ayuntamiento de la Pobla de Vallbona ha dado inicio a su ambicioso proyecto de reforma integral de la calle Col\u00f3n, que supondr\u00e1 una inversi\u00f3n de m\u00e1s de un mill\u00f3n de euros procedentes del Pla Obert de la Diputaci\u00f3 de Val\u00e8ncia. En un decreto publicado el pasado mes de agosto, la corporaci\u00f3n provincial dio luz verde a la solicitud del consistorio para que se financiase la reurbanizaci\u00f3n de una de las principales arterias de la localidad.<\/p>\n\n\n\n<p>Nat\u00e0lia Enguix, vicepresidenta primera de la Diputaci\u00f3n y coordinadora del gran programa inversor provincial, ha resaltado la relevancia de \u201cuna obra que tiene como objetivo \u00faltimo evitar inundaciones en el municipio, especialmente en la zona del casco urbano, lo cual repercutir\u00e1 en la mejora de la seguridad y la calidad de vida de sus vecinas y vecinos\u201d.<\/p>\n\n\n\n<p>En la misma l\u00ednea, el presidente de la corporaci\u00f3n provincial, Vicent Momp\u00f3, ha subrayado que \u201cla Diputaci\u00f3n est\u00e1 poniendo sus recursos a disposici\u00f3n de los alcaldes y alcaldesas para que los 350 millones se traduzcan en mejoras reales en nuestros pueblos y ciudades. Es lo que debemos hacer si queremos ser la instituci\u00f3n m\u00e1s pr\u00f3xima a los pueblos y las personas que los habitan\u201d.<\/p>\n\n\n\n<p>La reforma integral de la calle Col\u00f3n servir\u00e1 principalmente para adecuar la canalizaci\u00f3n de aguas pluviales y construir un tanque de tormentas, lo cual reducir\u00e1 el impacto de futuras inundaciones en el centro de la localidad situada en la comarca de Camp de T\u00faria. \u201cVamos a renovar todos los colectores y las tomas de agua\u201d, detalla el concejal de Urbanismo de la Pobla de Vallbona, Juan Aguilar.<\/p>\n\n\n\n<p>Esta actuaci\u00f3n se engloba dentro de un proyecto m\u00e1s amplio que se completa con la construcci\u00f3n de un nuevo colector de pluviales en la zona sur del n\u00facleo urbano. El proyecto consiste en la instalaci\u00f3n de un colector de pluviales de 1.600 mm de di\u00e1metro, que comienza en la calle Obispo Cervera, atraviesa la calle Mestre Barona y cruza por debajo la calzada de la Ronda Sur a la altura de la rotonda de salida de Riba-roja (CV-372).&nbsp;<\/p>\n\n\n\n<p><strong>Otros proyectos<\/strong><\/p>\n\n\n\n<figure class=\"wp-block-image size-large\"><img loading=\"lazy\" decoding=\"async\" width=\"1024\" height=\"768\" src=\"https:\/\/www.tucomarca.com\/wordpress\/segunda\/wp-content\/uploads\/2025\/09\/PoblaCampode-futbol-1024x768.jpg\" alt=\"\" class=\"wp-image-279552\" srcset=\"https:\/\/www.tucomarca.com\/wordpress\/segunda\/wp-content\/uploads\/2025\/09\/PoblaCampode-futbol-1024x768.jpg 1024w, https:\/\/www.tucomarca.com\/wordpress\/segunda\/wp-content\/uploads\/2025\/09\/PoblaCampode-futbol-300x225.jpg 300w, https:\/\/www.tucomarca.com\/wordpress\/segunda\/wp-content\/uploads\/2025\/09\/PoblaCampode-futbol-768x576.jpg 768w, https:\/\/www.tucomarca.com\/wordpress\/segunda\/wp-content\/uploads\/2025\/09\/PoblaCampode-futbol-678x509.jpg 678w, https:\/\/www.tucomarca.com\/wordpress\/segunda\/wp-content\/uploads\/2025\/09\/PoblaCampode-futbol-326x245.jpg 326w, https:\/\/www.tucomarca.com\/wordpress\/segunda\/wp-content\/uploads\/2025\/09\/PoblaCampode-futbol-80x60.jpg 80w, https:\/\/www.tucomarca.com\/wordpress\/segunda\/wp-content\/uploads\/2025\/09\/PoblaCampode-futbol.jpg 1181w\" sizes=\"auto, (max-width: 1024px) 100vw, 1024px\" \/><\/figure>\n\n\n\n<p>Adem\u00e1s de este gran proyecto, el ayuntamiento de la Pobla de Vallbona est\u00e1 llevando a cabo otras actuaciones gracias al dinero procedente del Pla Obert 2024-2027 de la Diputaci\u00f3n. Entre ellas destaca la renovaci\u00f3n del c\u00e9sped artificial del campo de f\u00fatbol Mas de Tous, una obra que ya est\u00e1 pr\u00e1cticamente finalizada, y que ha supuesto una inversi\u00f3n de m\u00e1s de 200.000 euros. Los trabajos han incluido la instalaci\u00f3n, tanto en el campo de f\u00fatbol 8 como en el f\u00fatbol 11, de un c\u00e9sped artificial de \u00faltima generaci\u00f3n, con un sistema de riego m\u00e1s eficiente.<\/p>\n\n\n\n<p>El equipo de gobierno municipal tambi\u00e9n est\u00e1 aprovechando la financiaci\u00f3n de la instituci\u00f3n provincial para acometer la renovaci\u00f3n y mejora de tres parques y jardines, tanto en la zona de las urbanizaciones como en el casco urbano de la localidad. Una serie de obras que suponen un desembolso aproximado de 230.000 euros en total.<\/p>\n\n\n\n<p>Por \u00faltimo, a parte de la reurbanizaci\u00f3n de la calle Col\u00f3n, la Diputaci\u00f3n va a financiar asimismo la remodelaci\u00f3n de la calle Poeta Llorente, unos trabajos cuyo inicio se estima para el mes de octubre. Adem\u00e1s, est\u00e1 prevista la construcci\u00f3n de un nuevo centro social en la urbanizaci\u00f3n Cap de l&#8217;Horta, del cual ya se ha adjudicado el contrato y se espera que en breve empiecen las obras.<\/p>\n\n\n\n<p><strong>El Pla Obert 2024-2027<\/strong><\/p>\n\n\n\n<p>Hay que recordar que, dentro del Pla Obert 2024-2027 de la Diputaci\u00f3 de Val\u00e8ncia, al municipio de la Pobla de Vallbona le corresponde una cantidad de 2.304.000 euros, es decir, 480.000 euros m\u00e1s que en el plan anterior. \u201cLa realidad es que este nuevo Pla Obert nos otorga mucha m\u00e1s libertad a la hora de planificar y elegir nuestros proyectos. El hecho de que no tengamos los plazos que hab\u00eda antes nos ofrece una mayor agilidad administrativa y ello es de agradecer\u201d, indican desde el Ayuntamiento.<\/p>\n\n\n\n<p>Las actuaciones financiadas por la Diputaci\u00f3n en la Pobla de Vallbona \u201cdefinen a la perfecci\u00f3n la esencia del Pla Obert, un programa en el que los alcaldes y alcaldesas, junto a sus vecinas y vecinos, deciden las mejoras que deben realizarse en sus municipios, contando con el respaldo econ\u00f3mico y el asesoramiento de la Diputaci\u00f3n\u201d, explica la vicepresidenta y diputada de Cooperaci\u00f3n Municipal, Nat\u00e0lia Enguix.<\/p>\n","protected":false},"excerpt":{"rendered":"<div class=\"mh-excerpt\">La vicepresidenta Nat\u00e1lia Enguix, responsable del Pla Obert, el gran programa inversor de la Diputaci\u00f3n, destaca la importancia de \u201cuna obra con m\u00e1s de un mill\u00f3n de euros que aportar\u00e1 m\u00e1s seguridad ante las lluvias\u201d. <a class=\"mh-excerpt-more\" href=\"https:\/\/www.tucomarca.com\/wordpress\/segunda\/la-diputacio-financia-la-reforma-de-la-calle-colon-de-la-pobla-de-vallbona-para-evitar-inundaciones-en-el-casco-urbano\/\" title=\"La Diputaci\u00f3 financia la reforma de la calle Col\u00f3n de la Pobla de Vallbona para evitar inundaciones en el casco urbano\">[+] <\/a><\/div>\n","protected":false},"author":12,"featured_media":279555,"comment_status":"open","ping_status":"open","sticky":false,"template":"","format":"standard","meta":{"footnotes":""},"categories":[46,21465,128,8,72,174,117,142,3,116,45],"tags":[10395,3677,1335,19987],"class_list":{"0":"post-279550","1":"post","2":"type-post","3":"status-publish","4":"format-standard","5":"has-post-thumbnail","7":"category-camp-de-turia","8":"category-dana","9":"category-infraestructuras","10":"category-la-comarca","11":"category-sin-categorizar","12":"category-la-pobla","13":"category-medio-ambiente-la-comarca","14":"category-politica-la-comarca","15":"category-seccion","16":"category-sucesos-la-comarca","17":"category-ventana","18":"tag-camp-de-turia","19":"tag-diputacio-de-valencia","20":"tag-la-pobla-de-vallbona","21":"tag-pla-obert-dinversions"},"_links":{"self":[{"href":"https:\/\/www.tucomarca.com\/wordpress\/segunda\/wp-json\/wp\/v2\/posts\/279550","targetHints":{"allow":["GET"]}}],"collection":[{"href":"https:\/\/www.tucomarca.com\/wordpress\/segunda\/wp-json\/wp\/v2\/posts"}],"about":[{"href":"https:\/\/www.tucomarca.com\/wordpress\/segunda\/wp-json\/wp\/v2\/types\/post"}],"author":[{"embeddable":true,"href":"https:\/\/www.tucomarca.com\/wordpress\/segunda\/wp-json\/wp\/v2\/users\/12"}],"replies":[{"embeddable":true,"href":"https:\/\/www.tucomarca.com\/wordpress\/segunda\/wp-json\/wp\/v2\/comments?post=279550"}],"version-history":[{"count":0,"href":"https:\/\/www.tucomarca.com\/wordpress\/segunda\/wp-json\/wp\/v2\/posts\/279550\/revisions"}],"wp:featuredmedia":[{"embeddable":true,"href":"https:\/\/www.tucomarca.com\/wordpress\/segunda\/wp-json\/wp\/v2\/media\/279555"}],"wp:attachment":[{"href":"https:\/\/www.tucomarca.com\/wordpress\/segunda\/wp-json\/wp\/v2\/media?parent=279550"}],"wp:term":[{"taxonomy":"category","embeddable":true,"href":"https:\/\/www.tucomarca.com\/wordpress\/segunda\/wp-json\/wp\/v2\/categories?post=279550"},{"taxonomy":"post_tag","embeddable":true,"href":"https:\/\/www.tucomarca.com\/wordpress\/segunda\/wp-json\/wp\/v2\/tags?post=279550"}],"curies":[{"name":"wp","href":"https:\/\/api.w.org\/{rel}","templated":true}]}}