{"id":279961,"date":"2025-09-23T05:00:00","date_gmt":"2025-09-23T03:00:00","guid":{"rendered":"https:\/\/www.tucomarca.com\/wordpress\/segunda\/?p=279961"},"modified":"2025-09-22T19:56:49","modified_gmt":"2025-09-22T17:56:49","slug":"la-generalitat-paga-otros-154-millones-de-euros-en-ayudas-de-primera-necesidad-y-para-vehiculos-a-las-familias-afectadas-por-la-riada","status":"publish","type":"post","link":"https:\/\/www.tucomarca.com\/wordpress\/segunda\/la-generalitat-paga-otros-154-millones-de-euros-en-ayudas-de-primera-necesidad-y-para-vehiculos-a-las-familias-afectadas-por-la-riada\/","title":{"rendered":"La Generalitat paga otros 154 millones de euros en ayudas de primera necesidad y para veh\u00edculos a las familias afectadas por la riada"},"content":{"rendered":"\n<h3 class=\"wp-block-heading\">Los beneficiarios ya han recibido este dinero extra de forma autom\u00e1tica en sus cuentas gracias a que estas ayudas no llevan ni tr\u00e1mites ni burocracia.<\/h3>\n\n\n\n<h3 class=\"wp-block-heading\">Unos 80 millones de euros se han destinado a cubrir de nuevo gastos para enseres y bienes para 26.536 hogares, mientras que las personas y empresas que perdieron sus veh\u00edculos por las inundaciones han percibido tambi\u00e9n de forma complementaria a las ayudas que ya cobraron 74 millones m\u00e1s.<\/h3>\n\n\n\n<h3 class=\"wp-block-heading\">Estos 154 millones de euros se suman a los 331,5 millones que la Generalitat ya hab\u00eda abonado por estos mismos conceptos en la primera convocatoria de estas ayudas, de modo que el total abonado por el Gobierno valenciano para estas dos partidas alcanza ya los 485 millones de euros.<\/h3>\n\n\n\n<h3 class=\"wp-block-heading\">La administraci\u00f3n valenciana establece adem\u00e1s un nuevo plazo de solicitudes del 1 al 22 de octubre solo para los afectados que no se acogieron a estas ayudas en anteriores convocatorias o si son para un veh\u00edculo distinto.<\/h3>\n\n\n\n<p>La Generalitat ha pagado 154 millones de euros en ayudas de primera necesidad y para veh\u00edculos a las familias afectadas por la riada del pasado 29 de octubre y que ya fueron beneficiarios de estas ayudas en las anteriores convocatorias gestionadas por la Ag\u00e8ncia Tribut\u00e0ria Valenciana (ATV).<\/p>\n\n\n\n<p>En concreto, 80 millones de euros se han destinado a cubrir de nuevo gastos para enseres y bienes para 26.536 hogares, mientras que las personas y empresas que perdieron sus veh\u00edculos en la dana han recibido otros 74 millones de euros para 40.000 beneficiarios.<\/p>\n\n\n\n<p>El pago del incremento de estas ayudas, anunciadas el pasado 2 de septiembre por el president de la Generalitat, Carlos Maz\u00f3n, se est\u00e1 efectuando directamente mediante transferencia a la cuenta bancaria en la que se abon\u00f3 la ayuda inicial a las personas beneficiarias, sin tr\u00e1mites burocr\u00e1ticos y sin necesidad de volver a solicitar las ayudas.<\/p>\n\n\n\n<p>Estos 154 millones de euros se suman a los 331,5 millones que la Generalitat ya hab\u00eda abonado por estos mismos conceptos (ayudas de primera necesidad y para veh\u00edculos siniestrados) a las familias y empresas afectadas por la dana, de modo que el total abonado por el Gobierno valenciano para estas dos partidas alcanza ya los 485 millones de euros.<\/p>\n\n\n\n<p>El Plan Simplifica de la administraci\u00f3n valenciana, implantado durante esta legislatura, est\u00e1 permitiendo que los pagos se realicen de forma autom\u00e1tica y sin necesidad de que los beneficiarios tengan que solicitarlo de nuevo.<\/p>\n\n\n\n<p><strong>Ayudas veh\u00edculos <\/strong><\/p>\n\n\n\n<p>En un tiempo r\u00e9cord se ha comenzado a abonar un total de 73.813.750 euros de los 166 millones previstos, correspondientes a cerca de 40.000 personas beneficiarias de las ayudas directas para compensar la p\u00e9rdida de veh\u00edculos siniestrados en la dana que afect\u00f3 a distintos municipios de la Comunitat Valenciana.<\/p>\n\n\n\n<p>Por otro lado, la Agencia Tributaria Valenciana (ATV) va a abrir un nuevo plazo de solicitudes del 1 al 22 de octubre para las personas afectadas que no se acogieron a estas ayudas en las convocatorias anteriores o, en caso de haberlas pedido, que presenten una solicitud para un veh\u00edculo distinto.<\/p>\n\n\n\n<p>En total se han previsto 174 millones de euros para abonar tanto el incremento de las ayudas ya percibidas por los afectados como para las nuevas que puedan concederse durante el nuevo plazo de presentaci\u00f3n.<\/p>\n\n\n\n<p>Las cantidades abonadas corresponden al aumento de los importes m\u00e1ximos de las ayudas por veh\u00edculos gravemente da\u00f1ados por la riada. De este modo, las nuevas cuant\u00edas m\u00e1ximas duplican las iniciales, de forma que las nuevas cantidades m\u00e1ximas variar\u00e1n entre 500 euros para ciclomotores y hasta 30.000 euros para autobuses y autocares.<\/p>\n\n\n\n<p>En el caso de los turismos, se abonar\u00e1n 4.000 euros en total, que ser\u00e1n 5.000 euros en el caso de los turismos adaptados a personas con movilidad reducida, 16.000 euros para maquinaria agr\u00edcola y de obras o 18.000 euros para camiones de gran tonelaje, entre otras.<\/p>\n","protected":false},"excerpt":{"rendered":"<div class=\"mh-excerpt\">Los beneficiarios ya han recibido este dinero extra de forma autom\u00e1tica en sus cuentas gracias a que estas ayudas no llevan ni tr\u00e1mites ni burocracia. Unos 80 millones de euros se han destinado a cubrir <a class=\"mh-excerpt-more\" href=\"https:\/\/www.tucomarca.com\/wordpress\/segunda\/la-generalitat-paga-otros-154-millones-de-euros-en-ayudas-de-primera-necesidad-y-para-vehiculos-a-las-familias-afectadas-por-la-riada\/\" title=\"La Generalitat paga otros 154 millones de euros en ayudas de primera necesidad y para veh\u00edculos a las familias afectadas por la riada\">[+] <\/a><\/div>\n","protected":false},"author":1,"featured_media":243088,"comment_status":"open","ping_status":"open","sticky":false,"template":"","format":"standard","meta":{"footnotes":""},"categories":[21465,128,8,72,117,142,3,116,45],"tags":[366,12831,10716,2142],"class_list":{"0":"post-279961","1":"post","2":"type-post","3":"status-publish","4":"format-standard","5":"has-post-thumbnail","7":"category-dana","8":"category-infraestructuras","9":"category-la-comarca","10":"category-sin-categorizar","11":"category-medio-ambiente-la-comarca","12":"category-politica-la-comarca","13":"category-seccion","14":"category-sucesos-la-comarca","15":"category-ventana","16":"tag-ayudas","17":"tag-dana-2","18":"tag-generalitat-valenciana","19":"tag-la-comunitat"},"_links":{"self":[{"href":"https:\/\/www.tucomarca.com\/wordpress\/segunda\/wp-json\/wp\/v2\/posts\/279961","targetHints":{"allow":["GET"]}}],"collection":[{"href":"https:\/\/www.tucomarca.com\/wordpress\/segunda\/wp-json\/wp\/v2\/posts"}],"about":[{"href":"https:\/\/www.tucomarca.com\/wordpress\/segunda\/wp-json\/wp\/v2\/types\/post"}],"author":[{"embeddable":true,"href":"https:\/\/www.tucomarca.com\/wordpress\/segunda\/wp-json\/wp\/v2\/users\/1"}],"replies":[{"embeddable":true,"href":"https:\/\/www.tucomarca.com\/wordpress\/segunda\/wp-json\/wp\/v2\/comments?post=279961"}],"version-history":[{"count":0,"href":"https:\/\/www.tucomarca.com\/wordpress\/segunda\/wp-json\/wp\/v2\/posts\/279961\/revisions"}],"wp:featuredmedia":[{"embeddable":true,"href":"https:\/\/www.tucomarca.com\/wordpress\/segunda\/wp-json\/wp\/v2\/media\/243088"}],"wp:attachment":[{"href":"https:\/\/www.tucomarca.com\/wordpress\/segunda\/wp-json\/wp\/v2\/media?parent=279961"}],"wp:term":[{"taxonomy":"category","embeddable":true,"href":"https:\/\/www.tucomarca.com\/wordpress\/segunda\/wp-json\/wp\/v2\/categories?post=279961"},{"taxonomy":"post_tag","embeddable":true,"href":"https:\/\/www.tucomarca.com\/wordpress\/segunda\/wp-json\/wp\/v2\/tags?post=279961"}],"curies":[{"name":"wp","href":"https:\/\/api.w.org\/{rel}","templated":true}]}}