{"id":280040,"date":"2025-09-22T13:00:00","date_gmt":"2025-09-22T11:00:00","guid":{"rendered":"https:\/\/www.tucomarca.com\/wordpress\/segunda\/?p=280040"},"modified":"2025-09-22T18:57:32","modified_gmt":"2025-09-22T16:57:32","slug":"la-junta-local-de-seguridad-de-turis-apela-a-la-tranquilidad-y-llama-a-la-calma-a-la-ciudadania","status":"publish","type":"post","link":"https:\/\/www.tucomarca.com\/wordpress\/segunda\/la-junta-local-de-seguridad-de-turis-apela-a-la-tranquilidad-y-llama-a-la-calma-a-la-ciudadania\/","title":{"rendered":"La Junta Local de Seguridad de Tur\u00eds apela a la tranquilidad y llama a la calma a la ciudadan\u00eda"},"content":{"rendered":"\n<p>Esta ma\u00f1ana se ha reunido en el Sal\u00f3n de Plenos del Ayuntamiento de Tur\u00eds la <strong>Junta Local de Seguridad<\/strong>, integrada por el alcalde, <strong>Francisco Ricau<\/strong>; el subdelegado del Gobierno, <strong>Jos\u00e9 Rodr\u00edguez<\/strong>; Guardia Civil; Polic\u00eda Auton\u00f3mica y Polic\u00eda Local.<\/p>\n\n\n\n<p>Todas las instituciones reunidas han coincidido en apelar a la tranquilidad y la calma de la ciudadan\u00eda, y en dejar que las fuerzas y cuerpos de seguridad del Estado puedan cumplir con su labor.<\/p>\n\n\n\n<p>Al mismo tiempo, instan a la poblaci\u00f3n a denunciar los hechos delictivos, como las ocupaciones ilegales, ya que es la principal herramienta de informaci\u00f3n para las fuerzas de seguridad, con el fin de que tengan constancia y puedan actuar en consecuencia.<\/p>\n\n\n\n<p>En esta l\u00ednea, se ha informado que las denuncias tambi\u00e9n se pueden realizar de manera telem\u00e1tica a trav\u00e9s de la aplicaci\u00f3n <strong>Alertcops<\/strong>, que se puede descargar desde la secci\u00f3n de anuncios de la web municipal.<\/p>\n\n\n\n<p>En los pr\u00f3ximos meses se incrementar\u00e1 la coordinaci\u00f3n y la colaboraci\u00f3n entre los estamentos policiales, y el Ayuntamiento firmar\u00e1 dos convenios: uno para elaborar un <strong>Plan Local de Seguridad<\/strong> y otro contra la <strong>violencia de g\u00e9nero<\/strong>.<\/p>\n\n\n\n<p>El Plan Local de Seguridad contendr\u00e1 un plan de acci\u00f3n conjunta que se adaptar\u00e1 a la casu\u00edstica de la poblaci\u00f3n y que evolucionar\u00e1 en funci\u00f3n de la misma. Adem\u00e1s, tambi\u00e9n se ha informado que en los pr\u00f3ximos meses se incrementar\u00e1 la plantilla del puesto de Chiva de la Guardia Civil, con la cual la colaboraci\u00f3n es absoluta y ha dado sus frutos en numerosas ocasiones.<\/p>\n","protected":false},"excerpt":{"rendered":"<div class=\"mh-excerpt\">Esta ma\u00f1ana se ha reunido en el Sal\u00f3n de Plenos del Ayuntamiento de Tur\u00eds la Junta Local de Seguridad, integrada por el alcalde, Francisco Ricau; el subdelegado del Gobierno, Jos\u00e9 Rodr\u00edguez; Guardia Civil; Polic\u00eda Auton\u00f3mica <a class=\"mh-excerpt-more\" href=\"https:\/\/www.tucomarca.com\/wordpress\/segunda\/la-junta-local-de-seguridad-de-turis-apela-a-la-tranquilidad-y-llama-a-la-calma-a-la-ciudadania\/\" title=\"La Junta Local de Seguridad de Tur\u00eds apela a la tranquilidad y llama a la calma a la ciudadan\u00eda\">[+] <\/a><\/div>\n","protected":false},"author":12,"featured_media":280044,"comment_status":"open","ping_status":"open","sticky":false,"template":"","format":"standard","meta":{"footnotes":""},"categories":[128,8,42,142,3,116,43,45],"tags":[11752,1407,10394],"class_list":{"0":"post-280040","1":"post","2":"type-post","3":"status-publish","4":"format-standard","5":"has-post-thumbnail","7":"category-infraestructuras","8":"category-la-comarca","9":"category-la-ribera","10":"category-politica-la-comarca","11":"category-seccion","12":"category-sucesos-la-comarca","13":"category-turis","14":"category-ventana","15":"tag-junta-de-seguridad","16":"tag-ribera-alta","17":"tag-turis"},"_links":{"self":[{"href":"https:\/\/www.tucomarca.com\/wordpress\/segunda\/wp-json\/wp\/v2\/posts\/280040","targetHints":{"allow":["GET"]}}],"collection":[{"href":"https:\/\/www.tucomarca.com\/wordpress\/segunda\/wp-json\/wp\/v2\/posts"}],"about":[{"href":"https:\/\/www.tucomarca.com\/wordpress\/segunda\/wp-json\/wp\/v2\/types\/post"}],"author":[{"embeddable":true,"href":"https:\/\/www.tucomarca.com\/wordpress\/segunda\/wp-json\/wp\/v2\/users\/12"}],"replies":[{"embeddable":true,"href":"https:\/\/www.tucomarca.com\/wordpress\/segunda\/wp-json\/wp\/v2\/comments?post=280040"}],"version-history":[{"count":0,"href":"https:\/\/www.tucomarca.com\/wordpress\/segunda\/wp-json\/wp\/v2\/posts\/280040\/revisions"}],"wp:featuredmedia":[{"embeddable":true,"href":"https:\/\/www.tucomarca.com\/wordpress\/segunda\/wp-json\/wp\/v2\/media\/280044"}],"wp:attachment":[{"href":"https:\/\/www.tucomarca.com\/wordpress\/segunda\/wp-json\/wp\/v2\/media?parent=280040"}],"wp:term":[{"taxonomy":"category","embeddable":true,"href":"https:\/\/www.tucomarca.com\/wordpress\/segunda\/wp-json\/wp\/v2\/categories?post=280040"},{"taxonomy":"post_tag","embeddable":true,"href":"https:\/\/www.tucomarca.com\/wordpress\/segunda\/wp-json\/wp\/v2\/tags?post=280040"}],"curies":[{"name":"wp","href":"https:\/\/api.w.org\/{rel}","templated":true}]}}