{"id":280141,"date":"2025-09-23T09:25:00","date_gmt":"2025-09-23T07:25:00","guid":{"rendered":"https:\/\/www.tucomarca.com\/wordpress\/segunda\/?p=280141"},"modified":"2025-09-23T14:31:09","modified_gmt":"2025-09-23T12:31:09","slug":"alborache-acoge-el-campeonato-podenco-xarnego-2025-provincial-de-valencia","status":"publish","type":"post","link":"https:\/\/www.tucomarca.com\/wordpress\/segunda\/alborache-acoge-el-campeonato-podenco-xarnego-2025-provincial-de-valencia\/","title":{"rendered":"Alborache acoge el Campeonato Podenco Xarnego 2025 Provincial de Valencia"},"content":{"rendered":"\n<p>Alborache se convirti\u00f3 este s\u00e1bado en punto de encuentro para los amantes de la caza y la tradici\u00f3n con la celebraci\u00f3n del Campeonato Podenco Xarnego 2025 Provincial de Valencia, un evento organizado con el apoyo de la Federaci\u00f3n Valenciana de Caza.<\/p>\n\n\n\n<p>Un total de <strong>10 agrupaciones<\/strong> participaron en la competici\u00f3n, que puso en valor las cualidades de esta raza canina tan apreciada en el \u00e1mbito cineg\u00e9tico. La clasificaci\u00f3n final qued\u00f3 encabezada por <strong>Eusebio Saiz<\/strong>, seguido en segunda posici\u00f3n por <strong>\u00c1lex Barba y David Catal\u00e1<\/strong>, mientras que el tercer puesto fue para <strong>Joel Campos<\/strong>.<\/p>\n\n\n\n<p>La jornada transcurri\u00f3 en un ambiente festivo y relajado, donde los aut\u00e9nticos protagonistas fueron los podencos, que demostraron sus habilidades ante un p\u00fablico entregado.<\/p>\n\n\n\n<p>Desde la organizaci\u00f3n se destac\u00f3 tanto el nivel de los participantes como la buena acogida del campeonato en Alborache, que refuerza as\u00ed su vinculaci\u00f3n con las tradiciones y con el mundo de la caza.<\/p>\n\n\n\n<figure class=\"wp-block-gallery has-nested-images columns-2 is-cropped wp-block-gallery-1 is-layout-flex wp-block-gallery-is-layout-flex\">\n<figure class=\"wp-block-image size-large\"><img loading=\"lazy\" decoding=\"async\" width=\"1024\" height=\"768\" data-id=\"280148\" src=\"https:\/\/www.tucomarca.com\/wordpress\/segunda\/wp-content\/uploads\/2025\/09\/AlborachePerros25_3-1024x768.jpg\" alt=\"\" class=\"wp-image-280148\" srcset=\"https:\/\/www.tucomarca.com\/wordpress\/segunda\/wp-content\/uploads\/2025\/09\/AlborachePerros25_3-1024x768.jpg 1024w, https:\/\/www.tucomarca.com\/wordpress\/segunda\/wp-content\/uploads\/2025\/09\/AlborachePerros25_3-300x225.jpg 300w, https:\/\/www.tucomarca.com\/wordpress\/segunda\/wp-content\/uploads\/2025\/09\/AlborachePerros25_3-768x576.jpg 768w, https:\/\/www.tucomarca.com\/wordpress\/segunda\/wp-content\/uploads\/2025\/09\/AlborachePerros25_3-678x509.jpg 678w, https:\/\/www.tucomarca.com\/wordpress\/segunda\/wp-content\/uploads\/2025\/09\/AlborachePerros25_3-326x245.jpg 326w, https:\/\/www.tucomarca.com\/wordpress\/segunda\/wp-content\/uploads\/2025\/09\/AlborachePerros25_3-80x60.jpg 80w, https:\/\/www.tucomarca.com\/wordpress\/segunda\/wp-content\/uploads\/2025\/09\/AlborachePerros25_3.jpg 1181w\" sizes=\"auto, (max-width: 1024px) 100vw, 1024px\" \/><\/figure>\n\n\n\n<figure class=\"wp-block-image size-large\"><img loading=\"lazy\" decoding=\"async\" width=\"1024\" height=\"768\" data-id=\"280150\" src=\"https:\/\/www.tucomarca.com\/wordpress\/segunda\/wp-content\/uploads\/2025\/09\/AlborachePerros25_4-1024x768.jpg\" alt=\"\" class=\"wp-image-280150\" srcset=\"https:\/\/www.tucomarca.com\/wordpress\/segunda\/wp-content\/uploads\/2025\/09\/AlborachePerros25_4-1024x768.jpg 1024w, https:\/\/www.tucomarca.com\/wordpress\/segunda\/wp-content\/uploads\/2025\/09\/AlborachePerros25_4-300x225.jpg 300w, https:\/\/www.tucomarca.com\/wordpress\/segunda\/wp-content\/uploads\/2025\/09\/AlborachePerros25_4-768x576.jpg 768w, https:\/\/www.tucomarca.com\/wordpress\/segunda\/wp-content\/uploads\/2025\/09\/AlborachePerros25_4-678x509.jpg 678w, https:\/\/www.tucomarca.com\/wordpress\/segunda\/wp-content\/uploads\/2025\/09\/AlborachePerros25_4-326x245.jpg 326w, https:\/\/www.tucomarca.com\/wordpress\/segunda\/wp-content\/uploads\/2025\/09\/AlborachePerros25_4-80x60.jpg 80w, https:\/\/www.tucomarca.com\/wordpress\/segunda\/wp-content\/uploads\/2025\/09\/AlborachePerros25_4.jpg 1181w\" sizes=\"auto, (max-width: 1024px) 100vw, 1024px\" \/><\/figure>\n\n\n\n<figure class=\"wp-block-image size-large\"><img loading=\"lazy\" decoding=\"async\" width=\"1024\" height=\"768\" data-id=\"280146\" src=\"https:\/\/www.tucomarca.com\/wordpress\/segunda\/wp-content\/uploads\/2025\/09\/AlborachePerros25_2-1024x768.jpg\" alt=\"\" class=\"wp-image-280146\" srcset=\"https:\/\/www.tucomarca.com\/wordpress\/segunda\/wp-content\/uploads\/2025\/09\/AlborachePerros25_2-1024x768.jpg 1024w, https:\/\/www.tucomarca.com\/wordpress\/segunda\/wp-content\/uploads\/2025\/09\/AlborachePerros25_2-300x225.jpg 300w, https:\/\/www.tucomarca.com\/wordpress\/segunda\/wp-content\/uploads\/2025\/09\/AlborachePerros25_2-768x576.jpg 768w, https:\/\/www.tucomarca.com\/wordpress\/segunda\/wp-content\/uploads\/2025\/09\/AlborachePerros25_2-678x509.jpg 678w, https:\/\/www.tucomarca.com\/wordpress\/segunda\/wp-content\/uploads\/2025\/09\/AlborachePerros25_2-326x245.jpg 326w, https:\/\/www.tucomarca.com\/wordpress\/segunda\/wp-content\/uploads\/2025\/09\/AlborachePerros25_2-80x60.jpg 80w, https:\/\/www.tucomarca.com\/wordpress\/segunda\/wp-content\/uploads\/2025\/09\/AlborachePerros25_2.jpg 1181w\" sizes=\"auto, (max-width: 1024px) 100vw, 1024px\" \/><\/figure>\n<\/figure>\n","protected":false},"excerpt":{"rendered":"<div class=\"mh-excerpt\">Alborache se convirti\u00f3 este s\u00e1bado en punto de encuentro para los amantes de la caza y la tradici\u00f3n con la celebraci\u00f3n del Campeonato Podenco Xarnego 2025 Provincial de Valencia, un evento organizado con el apoyo <a class=\"mh-excerpt-more\" href=\"https:\/\/www.tucomarca.com\/wordpress\/segunda\/alborache-acoge-el-campeonato-podenco-xarnego-2025-provincial-de-valencia\/\" title=\"Alborache acoge el Campeonato Podenco Xarnego 2025 Provincial de Valencia\">[+] <\/a><\/div>\n","protected":false},"author":12,"featured_media":280144,"comment_status":"open","ping_status":"open","sticky":false,"template":"","format":"gallery","meta":{"footnotes":""},"categories":[19,8,10,7,3],"tags":[10386,23060,5952],"class_list":{"0":"post-280141","1":"post","2":"type-post","3":"status-publish","4":"format-gallery","5":"has-post-thumbnail","7":"category-alborache","8":"category-la-comarca","9":"category-la-hoya","10":"category-ocio-y-cultura","11":"category-seccion","12":"tag-alborache","13":"tag-campeonato-podenco-xarnego-2025","14":"tag-la-hoya-de-bunol-chiva","15":"post_format-post-format-gallery"},"_links":{"self":[{"href":"https:\/\/www.tucomarca.com\/wordpress\/segunda\/wp-json\/wp\/v2\/posts\/280141","targetHints":{"allow":["GET"]}}],"collection":[{"href":"https:\/\/www.tucomarca.com\/wordpress\/segunda\/wp-json\/wp\/v2\/posts"}],"about":[{"href":"https:\/\/www.tucomarca.com\/wordpress\/segunda\/wp-json\/wp\/v2\/types\/post"}],"author":[{"embeddable":true,"href":"https:\/\/www.tucomarca.com\/wordpress\/segunda\/wp-json\/wp\/v2\/users\/12"}],"replies":[{"embeddable":true,"href":"https:\/\/www.tucomarca.com\/wordpress\/segunda\/wp-json\/wp\/v2\/comments?post=280141"}],"version-history":[{"count":0,"href":"https:\/\/www.tucomarca.com\/wordpress\/segunda\/wp-json\/wp\/v2\/posts\/280141\/revisions"}],"wp:featuredmedia":[{"embeddable":true,"href":"https:\/\/www.tucomarca.com\/wordpress\/segunda\/wp-json\/wp\/v2\/media\/280144"}],"wp:attachment":[{"href":"https:\/\/www.tucomarca.com\/wordpress\/segunda\/wp-json\/wp\/v2\/media?parent=280141"}],"wp:term":[{"taxonomy":"category","embeddable":true,"href":"https:\/\/www.tucomarca.com\/wordpress\/segunda\/wp-json\/wp\/v2\/categories?post=280141"},{"taxonomy":"post_tag","embeddable":true,"href":"https:\/\/www.tucomarca.com\/wordpress\/segunda\/wp-json\/wp\/v2\/tags?post=280141"}],"curies":[{"name":"wp","href":"https:\/\/api.w.org\/{rel}","templated":true}]}}