{"id":280211,"date":"2025-09-23T09:27:00","date_gmt":"2025-09-23T07:27:00","guid":{"rendered":"https:\/\/www.tucomarca.com\/wordpress\/segunda\/?p=280211"},"modified":"2025-09-23T19:22:35","modified_gmt":"2025-09-23T17:22:35","slug":"la-union-musical-de-bugarra-ofrece-un-gran-concierto-en-el-112-festival-nacional-de-bandas-de-musica-de-albacete","status":"publish","type":"post","link":"https:\/\/www.tucomarca.com\/wordpress\/segunda\/la-union-musical-de-bugarra-ofrece-un-gran-concierto-en-el-112-festival-nacional-de-bandas-de-musica-de-albacete\/","title":{"rendered":"La Uni\u00f3n Musical de Bugarra ofrece un gran concierto en el 112 Festival Nacional de Bandas de M\u00fasica de Albacete"},"content":{"rendered":"\n<h3 class=\"wp-block-heading\">Dirigida por Luis Gimeno P\u00e9rez, la agrupaci\u00f3n valenciana interpret\u00f3 un programa titulado \u201cM\u00fasica espa\u00f1ola de autores vivos\u201d, que emocion\u00f3 al p\u00fablico que llenaba el Auditorio Municipal.<\/h3>\n\n\n\n<p>El pasado 14 de septiembre el Centro Instructivo Uni\u00f3n Musical de Bugarra (Valencia) llev\u00f3 a cabo una destacable actuaci\u00f3n en el Auditorio Municipal de Albacete en el marco del 112\u00ba Festival Nacional de Bandas de M\u00fasica. De la mano del director valenciano Luis Gimeno P\u00e9rez, la formaci\u00f3n present\u00f3 un programa que, bajo el t\u00edtulo <em>\u201cM\u00fasica espa\u00f1ola de autores vivos\u201d<\/em>, fue del agrado de todos los asistentes como se demostr\u00f3 en la c\u00e1lida acogida que tuvo en el p\u00fablico.<\/p>\n\n\n\n<p>Autores como \u00c1ngel Garc\u00eda, Frank Cogollos, Jos\u00e9 Guillot, David Rivas, Antonio S\u00e1nchez Pedro y Fernando Bonete firmaron las composiciones ofrecidas, conformando un interesante repertorio que, en su conjunto, reflej\u00f3 la vitalidad y creatividad de la m\u00fasica de nuestros d\u00edas.<\/p>\n\n\n\n<p><strong>Tradici\u00f3n con proyecci\u00f3n internacional<\/strong><\/p>\n\n\n\n<p>Con m\u00e1s de un siglo de historia, la Uni\u00f3n Musical de Bugarra volvi\u00f3 a demostrar por qu\u00e9 es un referente cultural de la comarca de la Serran\u00eda. Su s\u00f3lida trayectoria, avalada por importantes reconocimientos como los primeros premios en el Certamen Internacional de Bandas de Valencia y en la Olimpiada de la M\u00fasica de Kerkrade (Holanda), donde triunf\u00f3 en dos ocasiones, se vio reforzada con esta nueva cita, pese a las grandes dificultades que supone mantener dicho nivel en una poblaci\u00f3n de menos de 800 habitantes y la tendencia actual, presente en todas las sociedades musicales de la Comunidad, de no poder contar habitualmente con educandos e integrantes de las formaciones band\u00edsticas en todas sus actuaciones y ensayos.<\/p>\n\n\n\n<p>As\u00ed, la banda est\u00e1 compuesta actualmente por 55 m\u00fasicos, muchos de ellos profesionales en activo en orquestas y conservatorios de toda Espa\u00f1a que durante el a\u00f1o apenas pueden acudir a los ensayos, por lo que habitualmente la banda tan s\u00f3lo puede trabajar con los m\u00fasicos amateurs que residen en Valencia, lo que supone una dificultad a\u00f1adida a su desarrollo art\u00edstico y social.<\/p>\n\n\n\n<p>No obstante lo anterior, con el tes\u00f3n y trabajo de su Junta Directiva y del propio director, se est\u00e1 consiguiendo integrar esta especial caracter\u00edstica de la banda y con mucho compromiso se consigue aunar el trabajo diario de los m\u00fasicos \u201clocales\u201d con el saber hacer y compromiso de los m\u00fasicos profesionales que tambi\u00e9n realizan un gran esfuerzo para acudir en momentos puntuales ensayos y conciertos dando a la banda el nivel que se pudo comprobar en Albacete, donde se despleg\u00f3 un sonido s\u00f3lido, brillante y de gran calidad, conquistando a un p\u00fablico que premi\u00f3 con largos aplausos cada interpretaci\u00f3n.<\/p>\n\n\n\n<p>Prueba del arraigo de la sociedad en el pueblo fue el hecho de que muchos vecinos se desplazaran hasta Albacete para acompa\u00f1ar a su banda. Asimismo, el Ayuntamiento de Bugarra quiso destacar p\u00fablicamente la relevancia de esta participaci\u00f3n en un festival de tanto prestigio, agradeciendo a la agrupaci\u00f3n su esfuerzo y dedicaci\u00f3n: <em>\u201cFue una actuaci\u00f3n llena de talento y pasi\u00f3n que llev\u00f3 el nombre de Bugarra m\u00e1s all\u00e1 de nuestro municipio, compartiendo nuestra m\u00fasica con un p\u00fablico entregado\u201d<\/em>, se\u00f1alaron en un comunicado oficial.<\/p>\n\n\n\n<p>Desde la entidad est\u00e1n seguros de que <em>\u201cesta actuaci\u00f3n ayudar\u00e1 a la consolidaci\u00f3n y proyecci\u00f3n futura de la sociedad en los a\u00f1os venideros\u201d.<\/em><\/p>\n","protected":false},"excerpt":{"rendered":"<div class=\"mh-excerpt\">Dirigida por Luis Gimeno P\u00e9rez, la agrupaci\u00f3n valenciana interpret\u00f3 un programa titulado \u201cM\u00fasica espa\u00f1ola de autores vivos\u201d, que emocion\u00f3 al p\u00fablico que llenaba el Auditorio Municipal. El pasado 14 de septiembre el Centro Instructivo Uni\u00f3n <a class=\"mh-excerpt-more\" href=\"https:\/\/www.tucomarca.com\/wordpress\/segunda\/la-union-musical-de-bugarra-ofrece-un-gran-concierto-en-el-112-festival-nacional-de-bandas-de-musica-de-albacete\/\" title=\"La Uni\u00f3n Musical de Bugarra ofrece un gran concierto en el 112 Festival Nacional de Bandas de M\u00fasica de Albacete\">[+] <\/a><\/div>\n","protected":false},"author":12,"featured_media":280213,"comment_status":"open","ping_status":"open","sticky":false,"template":"","format":"standard","meta":{"footnotes":""},"categories":[185,66,8,59,7,3],"tags":[10440,10400],"class_list":{"0":"post-280211","1":"post","2":"type-post","3":"status-publish","4":"format-standard","5":"has-post-thumbnail","7":"category-bugarra","8":"category-musica","9":"category-la-comarca","10":"category-los-serranos","11":"category-ocio-y-cultura","12":"category-seccion","13":"tag-bugarra","14":"tag-los-serranos"},"_links":{"self":[{"href":"https:\/\/www.tucomarca.com\/wordpress\/segunda\/wp-json\/wp\/v2\/posts\/280211","targetHints":{"allow":["GET"]}}],"collection":[{"href":"https:\/\/www.tucomarca.com\/wordpress\/segunda\/wp-json\/wp\/v2\/posts"}],"about":[{"href":"https:\/\/www.tucomarca.com\/wordpress\/segunda\/wp-json\/wp\/v2\/types\/post"}],"author":[{"embeddable":true,"href":"https:\/\/www.tucomarca.com\/wordpress\/segunda\/wp-json\/wp\/v2\/users\/12"}],"replies":[{"embeddable":true,"href":"https:\/\/www.tucomarca.com\/wordpress\/segunda\/wp-json\/wp\/v2\/comments?post=280211"}],"version-history":[{"count":0,"href":"https:\/\/www.tucomarca.com\/wordpress\/segunda\/wp-json\/wp\/v2\/posts\/280211\/revisions"}],"wp:featuredmedia":[{"embeddable":true,"href":"https:\/\/www.tucomarca.com\/wordpress\/segunda\/wp-json\/wp\/v2\/media\/280213"}],"wp:attachment":[{"href":"https:\/\/www.tucomarca.com\/wordpress\/segunda\/wp-json\/wp\/v2\/media?parent=280211"}],"wp:term":[{"taxonomy":"category","embeddable":true,"href":"https:\/\/www.tucomarca.com\/wordpress\/segunda\/wp-json\/wp\/v2\/categories?post=280211"},{"taxonomy":"post_tag","embeddable":true,"href":"https:\/\/www.tucomarca.com\/wordpress\/segunda\/wp-json\/wp\/v2\/tags?post=280211"}],"curies":[{"name":"wp","href":"https:\/\/api.w.org\/{rel}","templated":true}]}}