{"id":280782,"date":"2025-09-28T17:00:00","date_gmt":"2025-09-28T15:00:00","guid":{"rendered":"https:\/\/www.tucomarca.com\/wordpress\/segunda\/?p=280782"},"modified":"2025-09-29T10:26:06","modified_gmt":"2025-09-29T08:26:06","slug":"la-generalitat-recuerda-el-derecho-de-los-trabajadores-de-no-asistir-a-su-puesto-en-caso-de-alerta-roja-declarada","status":"publish","type":"post","link":"https:\/\/www.tucomarca.com\/wordpress\/segunda\/la-generalitat-recuerda-el-derecho-de-los-trabajadores-de-no-asistir-a-su-puesto-en-caso-de-alerta-roja-declarada\/","title":{"rendered":"La Generalitat recuerda el derecho de los trabajadores de no asistir a su puesto en caso de alerta roja declarada"},"content":{"rendered":"\n<h3 class=\"wp-block-heading\"><strong>La Autoridad Laboral insta a las empresas a primar la modalidad de trabajo a distancia siempre que sea posible y el trabajo en cuesti\u00f3n lo permita y si las condiciones de las comunicaciones lo hacen viable<\/strong>.<\/h3>\n\n\n\n<p>La Conselleria de Educaci\u00f3n, Cultura, Universidades y Empleo, a trav\u00e9s de la Direcci\u00f3n General de Trabajo, recuerda, ante la situaci\u00f3n de alerta climatol\u00f3gica por lluvias y tormentas en la Comunitat Valenciana, que los trabajadores tienen el derecho a no asistir a su puesto en caso de emergencia declarada.<\/p>\n\n\n\n<p>As\u00ed, se recuerda que los trabajadores pueden acogerse al llamado \u201cpermiso clim\u00e1tico\u201d recogido en el Real Decreto-ley 8\/2024. Se trata de un permiso retribuido que permite a los trabajadores ausentarse hasta cuatro d\u00edas de su puesto en caso de riesgos graves o alertas clim\u00e1ticas severas que impidan el acceso al trabajo. El permiso es de hasta cuatro d\u00edas, pero puede prorrogarse mediante un ERTE por fuerza mayor si la situaci\u00f3n lo requiere.<\/p>\n\n\n\n<p>Los trabajadores pueden acogerse a este derecho para evitar desplazamientos en situaci\u00f3n de peligro. Por tanto, desde la Autoridad Laboral se subraya la importancia de garantizar la seguridad y la integridad f\u00edsica de los trabajadores.<\/p>\n\n\n\n<p>Adem\u00e1s, se insta a las empresas a primar la modalidad de trabajo a distancia cuando sea posible y el trabajo en cuesti\u00f3n lo permita y siempre que las condiciones de las comunicaciones lo hagan viable.<\/p>\n\n\n\n<p>Asimismo, la direcci\u00f3n general de Trabajo recuerda que si la empresa tiene prevista la condici\u00f3n de teletrabajo, el trabajador debe de prestar su servicio de esta modalidad. En caso de que el centro de trabajo no est\u00e9 preparado para poder ofrecer a sus empleados la posibilidad de teletrabajar, el personal debe de notificar a la empresa la imposibilidad de acudir a su puesto y las circunstancias que lo han provocado.<\/p>\n","protected":false},"excerpt":{"rendered":"<div class=\"mh-excerpt\">La Autoridad Laboral insta a las empresas a primar la modalidad de trabajo a distancia siempre que sea posible y el trabajo en cuesti\u00f3n lo permita y si las condiciones de las comunicaciones lo hacen <a class=\"mh-excerpt-more\" href=\"https:\/\/www.tucomarca.com\/wordpress\/segunda\/la-generalitat-recuerda-el-derecho-de-los-trabajadores-de-no-asistir-a-su-puesto-en-caso-de-alerta-roja-declarada\/\" title=\"La Generalitat recuerda el derecho de los trabajadores de no asistir a su puesto en caso de alerta roja declarada\">[+] <\/a><\/div>\n","protected":false},"author":1,"featured_media":250747,"comment_status":"open","ping_status":"open","sticky":false,"template":"","format":"standard","meta":{"footnotes":""},"categories":[21465,128,8,72,117,142,3,116,45],"tags":[12831,2142],"class_list":{"0":"post-280782","1":"post","2":"type-post","3":"status-publish","4":"format-standard","5":"has-post-thumbnail","7":"category-dana","8":"category-infraestructuras","9":"category-la-comarca","10":"category-sin-categorizar","11":"category-medio-ambiente-la-comarca","12":"category-politica-la-comarca","13":"category-seccion","14":"category-sucesos-la-comarca","15":"category-ventana","16":"tag-dana-2","17":"tag-la-comunitat"},"_links":{"self":[{"href":"https:\/\/www.tucomarca.com\/wordpress\/segunda\/wp-json\/wp\/v2\/posts\/280782","targetHints":{"allow":["GET"]}}],"collection":[{"href":"https:\/\/www.tucomarca.com\/wordpress\/segunda\/wp-json\/wp\/v2\/posts"}],"about":[{"href":"https:\/\/www.tucomarca.com\/wordpress\/segunda\/wp-json\/wp\/v2\/types\/post"}],"author":[{"embeddable":true,"href":"https:\/\/www.tucomarca.com\/wordpress\/segunda\/wp-json\/wp\/v2\/users\/1"}],"replies":[{"embeddable":true,"href":"https:\/\/www.tucomarca.com\/wordpress\/segunda\/wp-json\/wp\/v2\/comments?post=280782"}],"version-history":[{"count":0,"href":"https:\/\/www.tucomarca.com\/wordpress\/segunda\/wp-json\/wp\/v2\/posts\/280782\/revisions"}],"wp:featuredmedia":[{"embeddable":true,"href":"https:\/\/www.tucomarca.com\/wordpress\/segunda\/wp-json\/wp\/v2\/media\/250747"}],"wp:attachment":[{"href":"https:\/\/www.tucomarca.com\/wordpress\/segunda\/wp-json\/wp\/v2\/media?parent=280782"}],"wp:term":[{"taxonomy":"category","embeddable":true,"href":"https:\/\/www.tucomarca.com\/wordpress\/segunda\/wp-json\/wp\/v2\/categories?post=280782"},{"taxonomy":"post_tag","embeddable":true,"href":"https:\/\/www.tucomarca.com\/wordpress\/segunda\/wp-json\/wp\/v2\/tags?post=280782"}],"curies":[{"name":"wp","href":"https:\/\/api.w.org\/{rel}","templated":true}]}}