{"id":280786,"date":"2025-09-29T10:00:00","date_gmt":"2025-09-29T08:00:00","guid":{"rendered":"https:\/\/www.tucomarca.com\/wordpress\/segunda\/?p=280786"},"modified":"2025-09-29T10:47:03","modified_gmt":"2025-09-29T08:47:03","slug":"carlos-mazon-se-reune-con-el-equipo-directivo-de-la-conselleria-de-sanidad","status":"publish","type":"post","link":"https:\/\/www.tucomarca.com\/wordpress\/segunda\/carlos-mazon-se-reune-con-el-equipo-directivo-de-la-conselleria-de-sanidad\/","title":{"rendered":"Carlos Maz\u00f3n se re\u00fane con el equipo directivo de la Conselleria de Sanidad"},"content":{"rendered":"\n<h3 class=\"wp-block-heading\">El conseller de Sanidad ha traslado al president las medidas adoptadas para garantizar la asistencia sanitaria a todas las \u00e1reas afectadas, as\u00ed como el proceso de reprogramaci\u00f3n de las citas m\u00e9dicas a los ciudadanos.\u00a0<\/h3>\n\n\n\n<p>El president de la Generalitat, Carlos Maz\u00f3n, se ha desplazado a la Conselleria de Sanidad esta ma\u00f1ana donde ha mantenido una reuni\u00f3n con el equipo directivo de esta \u00e1rea con motivo del episodio de fuertes lluvias en la Comunitat Valenciana.<\/p>\n\n\n\n<p>El conseller de Sanidad, Marciano G\u00f3mez, ha trasladado al president las medidas adoptadas para garantizar la asistencia sanitaria a todas las \u00e1reas afectadas, as\u00ed como el proceso de reprogramaci\u00f3n de las citas m\u00e9dicas a los ciudadanos.&nbsp;<\/p>\n","protected":false},"excerpt":{"rendered":"<div class=\"mh-excerpt\">El conseller de Sanidad ha traslado al president las medidas adoptadas para garantizar la asistencia sanitaria a todas las \u00e1reas afectadas, as\u00ed como el proceso de reprogramaci\u00f3n de las citas m\u00e9dicas a los ciudadanos.\u00a0 El <a class=\"mh-excerpt-more\" href=\"https:\/\/www.tucomarca.com\/wordpress\/segunda\/carlos-mazon-se-reune-con-el-equipo-directivo-de-la-conselleria-de-sanidad\/\" title=\"Carlos Maz\u00f3n se re\u00fane con el equipo directivo de la Conselleria de Sanidad\">[+] <\/a><\/div>\n","protected":false},"author":1,"featured_media":280787,"comment_status":"open","ping_status":"open","sticky":false,"template":"","format":"standard","meta":{"footnotes":""},"categories":[21465,128,8,72,117,142,3,116,45],"tags":[18806,12831,2142,52],"class_list":{"0":"post-280786","1":"post","2":"type-post","3":"status-publish","4":"format-standard","5":"has-post-thumbnail","7":"category-dana","8":"category-infraestructuras","9":"category-la-comarca","10":"category-sin-categorizar","11":"category-medio-ambiente-la-comarca","12":"category-politica-la-comarca","13":"category-seccion","14":"category-sucesos-la-comarca","15":"category-ventana","16":"tag-carlos-mazon","17":"tag-dana-2","18":"tag-la-comunitat","19":"tag-sanidad"},"_links":{"self":[{"href":"https:\/\/www.tucomarca.com\/wordpress\/segunda\/wp-json\/wp\/v2\/posts\/280786","targetHints":{"allow":["GET"]}}],"collection":[{"href":"https:\/\/www.tucomarca.com\/wordpress\/segunda\/wp-json\/wp\/v2\/posts"}],"about":[{"href":"https:\/\/www.tucomarca.com\/wordpress\/segunda\/wp-json\/wp\/v2\/types\/post"}],"author":[{"embeddable":true,"href":"https:\/\/www.tucomarca.com\/wordpress\/segunda\/wp-json\/wp\/v2\/users\/1"}],"replies":[{"embeddable":true,"href":"https:\/\/www.tucomarca.com\/wordpress\/segunda\/wp-json\/wp\/v2\/comments?post=280786"}],"version-history":[{"count":0,"href":"https:\/\/www.tucomarca.com\/wordpress\/segunda\/wp-json\/wp\/v2\/posts\/280786\/revisions"}],"wp:featuredmedia":[{"embeddable":true,"href":"https:\/\/www.tucomarca.com\/wordpress\/segunda\/wp-json\/wp\/v2\/media\/280787"}],"wp:attachment":[{"href":"https:\/\/www.tucomarca.com\/wordpress\/segunda\/wp-json\/wp\/v2\/media?parent=280786"}],"wp:term":[{"taxonomy":"category","embeddable":true,"href":"https:\/\/www.tucomarca.com\/wordpress\/segunda\/wp-json\/wp\/v2\/categories?post=280786"},{"taxonomy":"post_tag","embeddable":true,"href":"https:\/\/www.tucomarca.com\/wordpress\/segunda\/wp-json\/wp\/v2\/tags?post=280786"}],"curies":[{"name":"wp","href":"https:\/\/api.w.org\/{rel}","templated":true}]}}